{"id":10729,"date":"2024-01-16T19:30:57","date_gmt":"2024-01-16T19:30:57","guid":{"rendered":"https:\/\/neredo.cl\/?p=10729"},"modified":"2024-01-16T19:30:57","modified_gmt":"2024-01-16T19:30:57","slug":"ampliacion-de-casa","status":"publish","type":"post","link":"https:\/\/neredo.cl\/index.php\/ampliacion-de-casa\/","title":{"rendered":"AMPLIACION DE CASA"},"content":{"rendered":"<p><strong>Transforma tu Hogar: Planificaci\u00f3n y Ejecuci\u00f3n de Ampliaciones de Casa con Est\u00e1ndares Excepcionales<\/strong><\/p>\n<p>Bienvenido a una experiencia \u00fanica de transformaci\u00f3n para tu hogar. En nuestro servicio de planificaci\u00f3n y ejecuci\u00f3n de ampliaciones de casa, nos dedicamos a superar tus expectativas y elevar tus espacios a est\u00e1ndares excepcionales.<\/p>\n<p>En cada proyecto de ampliaci\u00f3n de casa, nos esforzamos por fusionar funcionalidad y est\u00e9tica. Nuestro equipo de expertos en dise\u00f1o y construcci\u00f3n trabaja de la mano contigo para comprender tus necesidades y deseos, creando un plan detallado que maximiza el espacio y resalta la belleza arquitect\u00f3nica.<\/p>\n<p>Desde la concepci\u00f3n hasta la finalizaci\u00f3n, garantizamos un enfoque meticuloso en cada detalle. La ampliaci\u00f3n de vivienda no solo se trata de a\u00f1adir metros cuadrados, sino de crear un ambiente que refleje tu estilo de vida y personalidad. Utilizando las \u00faltimas tendencias y tecnolog\u00edas, nuestro equipo asegura que cada proyecto alcance est\u00e1ndares excepcionales de calidad y durabilidad.<\/p>\n<p>Descubre c\u00f3mo podemos transformar tu hogar, brind\u00e1ndote no solo m\u00e1s espacio, sino tambi\u00e9n un nuevo cap\u00edtulo en la historia de tu vida. Con nosotros, la ampliaci\u00f3n de casa se convierte en una experiencia emocionante y gratificante.<\/p>\n<p>&nbsp;<\/p>\n<div class=\"divtags\">\n<h1>AMPLIACI\u00d3N DE CASA<\/h1>\n<h1>AMPLIACI\u00d3N DE COCINAS<\/h1>\n<h1>AMPLIACI\u00d3N DE VIVIENDA<\/h1>\n<\/div>\n","protected":false},"excerpt":{"rendered":"<p>Transforma tu Hogar: Planificaci\u00f3n y Ejecuci\u00f3n de Ampliaciones de Casa con Est\u00e1ndares Excepcionales Bienvenido a una experiencia \u00fanica de transformaci\u00f3n para tu hogar. En nuestro servicio de planificaci\u00f3n y ejecuci\u00f3n de ampliaciones de casa, nos dedicamos a superar tus expectativas y elevar tus espacios a est\u00e1ndares excepcionales. En cada proyecto de ampliaci\u00f3n de casa, nos&#8230;<\/p>\n","protected":false},"author":3,"featured_media":9457,"comment_status":"closed","ping_status":"closed","sticky":false,"template":"","format":"standard","meta":{"footnotes":""},"categories":[113],"tags":[],"class_list":["post-10729","post","type-post","status-publish","format-standard","has-post-thumbnail","hentry","category-blog"],"yoast_head":"<!-- This site is optimized with the Yoast SEO plugin v26.3 - https:\/\/yoast.com\/wordpress\/plugins\/seo\/ -->\n<title>AMPLIACION DE CASA - Neredo Constructora<\/title>\n<meta name=\"robots\" content=\"index, follow, max-snippet:-1, max-image-preview:large, max-video-preview:-1\" \/>\n<link rel=\"canonical\" href=\"https:\/\/neredo.cl\/index.php\/ampliacion-de-casa\/\" \/>\n<meta property=\"og:locale\" content=\"es_ES\" \/>\n<meta property=\"og:type\" content=\"article\" \/>\n<meta property=\"og:title\" content=\"AMPLIACION DE CASA - Neredo Constructora\" \/>\n<meta property=\"og:description\" content=\"Transforma tu Hogar: Planificaci\u00f3n y Ejecuci\u00f3n de Ampliaciones de Casa con Est\u00e1ndares Excepcionales Bienvenido a una experiencia \u00fanica de transformaci\u00f3n para tu hogar. En nuestro servicio de planificaci\u00f3n y ejecuci\u00f3n de ampliaciones de casa, nos dedicamos a superar tus expectativas y elevar tus espacios a est\u00e1ndares excepcionales. En cada proyecto de ampliaci\u00f3n de casa, nos...\" \/>\n<meta property=\"og:url\" content=\"https:\/\/neredo.cl\/index.php\/ampliacion-de-casa\/\" \/>\n<meta property=\"og:site_name\" content=\"Neredo Constructora\" \/>\n<meta property=\"article:published_time\" content=\"2024-01-16T19:30:57+00:00\" \/>\n<meta property=\"og:image\" content=\"https:\/\/neredo.cl\/wp-content\/uploads\/2020\/01\/Frente-casa-mediterr\u00e1nea-Lonquen.jpg\" \/>\n\t<meta property=\"og:image:width\" content=\"1280\" \/>\n\t<meta property=\"og:image:height\" content=\"960\" \/>\n\t<meta property=\"og:image:type\" content=\"image\/jpeg\" \/>\n<meta name=\"author\" content=\"srtv\" \/>\n<meta name=\"twitter:card\" content=\"summary_large_image\" \/>\n<meta name=\"twitter:label1\" content=\"Escrito por\" \/>\n\t<meta name=\"twitter:data1\" content=\"srtv\" \/>\n\t<meta name=\"twitter:label2\" content=\"Tiempo de lectura\" \/>\n\t<meta name=\"twitter:data2\" content=\"1 minuto\" \/>\n<script type=\"application\/ld+json\" class=\"yoast-schema-graph\">{\"@context\":\"https:\/\/schema.org\",\"@graph\":[{\"@type\":\"Article\",\"@id\":\"https:\/\/neredo.cl\/index.php\/ampliacion-de-casa\/#article\",\"isPartOf\":{\"@id\":\"https:\/\/neredo.cl\/index.php\/ampliacion-de-casa\/\"},\"author\":{\"name\":\"srtv\",\"@id\":\"https:\/\/neredo.cl\/#\/schema\/person\/c87a8dbba4f07caa2683204caa073c25\"},\"headline\":\"AMPLIACION DE CASA\",\"datePublished\":\"2024-01-16T19:30:57+00:00\",\"mainEntityOfPage\":{\"@id\":\"https:\/\/neredo.cl\/index.php\/ampliacion-de-casa\/\"},\"wordCount\":226,\"publisher\":{\"@id\":\"https:\/\/neredo.cl\/#organization\"},\"image\":{\"@id\":\"https:\/\/neredo.cl\/index.php\/ampliacion-de-casa\/#primaryimage\"},\"thumbnailUrl\":\"https:\/\/neredo.cl\/wp-content\/uploads\/2020\/01\/Frente-casa-mediterr\u00e1nea-Lonquen.jpg\",\"articleSection\":[\"Blog\"],\"inLanguage\":\"es\"},{\"@type\":\"WebPage\",\"@id\":\"https:\/\/neredo.cl\/index.php\/ampliacion-de-casa\/\",\"url\":\"https:\/\/neredo.cl\/index.php\/ampliacion-de-casa\/\",\"name\":\"AMPLIACION DE CASA - Neredo Constructora\",\"isPartOf\":{\"@id\":\"https:\/\/neredo.cl\/#website\"},\"primaryImageOfPage\":{\"@id\":\"https:\/\/neredo.cl\/index.php\/ampliacion-de-casa\/#primaryimage\"},\"image\":{\"@id\":\"https:\/\/neredo.cl\/index.php\/ampliacion-de-casa\/#primaryimage\"},\"thumbnailUrl\":\"https:\/\/neredo.cl\/wp-content\/uploads\/2020\/01\/Frente-casa-mediterr\u00e1nea-Lonquen.jpg\",\"datePublished\":\"2024-01-16T19:30:57+00:00\",\"breadcrumb\":{\"@id\":\"https:\/\/neredo.cl\/index.php\/ampliacion-de-casa\/#breadcrumb\"},\"inLanguage\":\"es\",\"potentialAction\":[{\"@type\":\"ReadAction\",\"target\":[\"https:\/\/neredo.cl\/index.php\/ampliacion-de-casa\/\"]}]},{\"@type\":\"ImageObject\",\"inLanguage\":\"es\",\"@id\":\"https:\/\/neredo.cl\/index.php\/ampliacion-de-casa\/#primaryimage\",\"url\":\"https:\/\/neredo.cl\/wp-content\/uploads\/2020\/01\/Frente-casa-mediterr\u00e1nea-Lonquen.jpg\",\"contentUrl\":\"https:\/\/neredo.cl\/wp-content\/uploads\/2020\/01\/Frente-casa-mediterr\u00e1nea-Lonquen.jpg\",\"width\":1280,\"height\":960},{\"@type\":\"BreadcrumbList\",\"@id\":\"https:\/\/neredo.cl\/index.php\/ampliacion-de-casa\/#breadcrumb\",\"itemListElement\":[{\"@type\":\"ListItem\",\"position\":1,\"name\":\"Portada\",\"item\":\"https:\/\/neredo.cl\/\"},{\"@type\":\"ListItem\",\"position\":2,\"name\":\"AMPLIACION DE CASA\"}]},{\"@type\":\"WebSite\",\"@id\":\"https:\/\/neredo.cl\/#website\",\"url\":\"https:\/\/neredo.cl\/\",\"name\":\"Neredo Constructora\",\"description\":\"Somos expertos en hacer realidad tus sue\u00f1os\",\"publisher\":{\"@id\":\"https:\/\/neredo.cl\/#organization\"},\"potentialAction\":[{\"@type\":\"SearchAction\",\"target\":{\"@type\":\"EntryPoint\",\"urlTemplate\":\"https:\/\/neredo.cl\/?s={search_term_string}\"},\"query-input\":{\"@type\":\"PropertyValueSpecification\",\"valueRequired\":true,\"valueName\":\"search_term_string\"}}],\"inLanguage\":\"es\"},{\"@type\":\"Organization\",\"@id\":\"https:\/\/neredo.cl\/#organization\",\"name\":\"Neredo Constructora\",\"url\":\"https:\/\/neredo.cl\/\",\"logo\":{\"@type\":\"ImageObject\",\"inLanguage\":\"es\",\"@id\":\"https:\/\/neredo.cl\/#\/schema\/logo\/image\/\",\"url\":\"https:\/\/neredo.cl\/wp-content\/uploads\/2017\/07\/REDISENO-NEREDO-22.jpg\",\"contentUrl\":\"https:\/\/neredo.cl\/wp-content\/uploads\/2017\/07\/REDISENO-NEREDO-22.jpg\",\"width\":2112,\"height\":1069,\"caption\":\"Neredo Constructora\"},\"image\":{\"@id\":\"https:\/\/neredo.cl\/#\/schema\/logo\/image\/\"},\"sameAs\":[\"https:\/\/www.instagram.com\/constructoraneredo\"]},{\"@type\":\"Person\",\"@id\":\"https:\/\/neredo.cl\/#\/schema\/person\/c87a8dbba4f07caa2683204caa073c25\",\"name\":\"srtv\",\"image\":{\"@type\":\"ImageObject\",\"inLanguage\":\"es\",\"@id\":\"https:\/\/neredo.cl\/#\/schema\/person\/image\/\",\"url\":\"https:\/\/secure.gravatar.com\/avatar\/274ca39275db8ab596e20da7c26ef300d3a005ef0040e9441ad5d9fcd52adc22?s=96&d=mm&r=g\",\"contentUrl\":\"https:\/\/secure.gravatar.com\/avatar\/274ca39275db8ab596e20da7c26ef300d3a005ef0040e9441ad5d9fcd52adc22?s=96&d=mm&r=g\",\"caption\":\"srtv\"},\"url\":\"https:\/\/neredo.cl\/index.php\/author\/srtv\/\"}]}<\/script>\n<!-- \/ Yoast SEO plugin. -->","yoast_head_json":{"title":"AMPLIACION DE CASA - Neredo Constructora","robots":{"index":"index","follow":"follow","max-snippet":"max-snippet:-1","max-image-preview":"max-image-preview:large","max-video-preview":"max-video-preview:-1"},"canonical":"https:\/\/neredo.cl\/index.php\/ampliacion-de-casa\/","og_locale":"es_ES","og_type":"article","og_title":"AMPLIACION DE CASA - Neredo Constructora","og_description":"Transforma tu Hogar: Planificaci\u00f3n y Ejecuci\u00f3n de Ampliaciones de Casa con Est\u00e1ndares Excepcionales Bienvenido a una experiencia \u00fanica de transformaci\u00f3n para tu hogar. En nuestro servicio de planificaci\u00f3n y ejecuci\u00f3n de ampliaciones de casa, nos dedicamos a superar tus expectativas y elevar tus espacios a est\u00e1ndares excepcionales. En cada proyecto de ampliaci\u00f3n de casa, nos...","og_url":"https:\/\/neredo.cl\/index.php\/ampliacion-de-casa\/","og_site_name":"Neredo Constructora","article_published_time":"2024-01-16T19:30:57+00:00","og_image":[{"width":1280,"height":960,"url":"https:\/\/neredo.cl\/wp-content\/uploads\/2020\/01\/Frente-casa-mediterr\u00e1nea-Lonquen.jpg","type":"image\/jpeg"}],"author":"srtv","twitter_card":"summary_large_image","twitter_misc":{"Escrito por":"srtv","Tiempo de lectura":"1 minuto"},"schema":{"@context":"https:\/\/schema.org","@graph":[{"@type":"Article","@id":"https:\/\/neredo.cl\/index.php\/ampliacion-de-casa\/#article","isPartOf":{"@id":"https:\/\/neredo.cl\/index.php\/ampliacion-de-casa\/"},"author":{"name":"srtv","@id":"https:\/\/neredo.cl\/#\/schema\/person\/c87a8dbba4f07caa2683204caa073c25"},"headline":"AMPLIACION DE CASA","datePublished":"2024-01-16T19:30:57+00:00","mainEntityOfPage":{"@id":"https:\/\/neredo.cl\/index.php\/ampliacion-de-casa\/"},"wordCount":226,"publisher":{"@id":"https:\/\/neredo.cl\/#organization"},"image":{"@id":"https:\/\/neredo.cl\/index.php\/ampliacion-de-casa\/#primaryimage"},"thumbnailUrl":"https:\/\/neredo.cl\/wp-content\/uploads\/2020\/01\/Frente-casa-mediterr\u00e1nea-Lonquen.jpg","articleSection":["Blog"],"inLanguage":"es"},{"@type":"WebPage","@id":"https:\/\/neredo.cl\/index.php\/ampliacion-de-casa\/","url":"https:\/\/neredo.cl\/index.php\/ampliacion-de-casa\/","name":"AMPLIACION DE CASA - Neredo Constructora","isPartOf":{"@id":"https:\/\/neredo.cl\/#website"},"primaryImageOfPage":{"@id":"https:\/\/neredo.cl\/index.php\/ampliacion-de-casa\/#primaryimage"},"image":{"@id":"https:\/\/neredo.cl\/index.php\/ampliacion-de-casa\/#primaryimage"},"thumbnailUrl":"https:\/\/neredo.cl\/wp-content\/uploads\/2020\/01\/Frente-casa-mediterr\u00e1nea-Lonquen.jpg","datePublished":"2024-01-16T19:30:57+00:00","breadcrumb":{"@id":"https:\/\/neredo.cl\/index.php\/ampliacion-de-casa\/#breadcrumb"},"inLanguage":"es","potentialAction":[{"@type":"ReadAction","target":["https:\/\/neredo.cl\/index.php\/ampliacion-de-casa\/"]}]},{"@type":"ImageObject","inLanguage":"es","@id":"https:\/\/neredo.cl\/index.php\/ampliacion-de-casa\/#primaryimage","url":"https:\/\/neredo.cl\/wp-content\/uploads\/2020\/01\/Frente-casa-mediterr\u00e1nea-Lonquen.jpg","contentUrl":"https:\/\/neredo.cl\/wp-content\/uploads\/2020\/01\/Frente-casa-mediterr\u00e1nea-Lonquen.jpg","width":1280,"height":960},{"@type":"BreadcrumbList","@id":"https:\/\/neredo.cl\/index.php\/ampliacion-de-casa\/#breadcrumb","itemListElement":[{"@type":"ListItem","position":1,"name":"Portada","item":"https:\/\/neredo.cl\/"},{"@type":"ListItem","position":2,"name":"AMPLIACION DE CASA"}]},{"@type":"WebSite","@id":"https:\/\/neredo.cl\/#website","url":"https:\/\/neredo.cl\/","name":"Neredo Constructora","description":"Somos expertos en hacer realidad tus sue\u00f1os","publisher":{"@id":"https:\/\/neredo.cl\/#organization"},"potentialAction":[{"@type":"SearchAction","target":{"@type":"EntryPoint","urlTemplate":"https:\/\/neredo.cl\/?s={search_term_string}"},"query-input":{"@type":"PropertyValueSpecification","valueRequired":true,"valueName":"search_term_string"}}],"inLanguage":"es"},{"@type":"Organization","@id":"https:\/\/neredo.cl\/#organization","name":"Neredo Constructora","url":"https:\/\/neredo.cl\/","logo":{"@type":"ImageObject","inLanguage":"es","@id":"https:\/\/neredo.cl\/#\/schema\/logo\/image\/","url":"https:\/\/neredo.cl\/wp-content\/uploads\/2017\/07\/REDISENO-NEREDO-22.jpg","contentUrl":"https:\/\/neredo.cl\/wp-content\/uploads\/2017\/07\/REDISENO-NEREDO-22.jpg","width":2112,"height":1069,"caption":"Neredo Constructora"},"image":{"@id":"https:\/\/neredo.cl\/#\/schema\/logo\/image\/"},"sameAs":["https:\/\/www.instagram.com\/constructoraneredo"]},{"@type":"Person","@id":"https:\/\/neredo.cl\/#\/schema\/person\/c87a8dbba4f07caa2683204caa073c25","name":"srtv","image":{"@type":"ImageObject","inLanguage":"es","@id":"https:\/\/neredo.cl\/#\/schema\/person\/image\/","url":"https:\/\/secure.gravatar.com\/avatar\/274ca39275db8ab596e20da7c26ef300d3a005ef0040e9441ad5d9fcd52adc22?s=96&d=mm&r=g","contentUrl":"https:\/\/secure.gravatar.com\/avatar\/274ca39275db8ab596e20da7c26ef300d3a005ef0040e9441ad5d9fcd52adc22?s=96&d=mm&r=g","caption":"srtv"},"url":"https:\/\/neredo.cl\/index.php\/author\/srtv\/"}]}},"_links":{"self":[{"href":"https:\/\/neredo.cl\/index.php\/wp-json\/wp\/v2\/posts\/10729","targetHints":{"allow":["GET"]}}],"collection":[{"href":"https:\/\/neredo.cl\/index.php\/wp-json\/wp\/v2\/posts"}],"about":[{"href":"https:\/\/neredo.cl\/index.php\/wp-json\/wp\/v2\/types\/post"}],"author":[{"embeddable":true,"href":"https:\/\/neredo.cl\/index.php\/wp-json\/wp\/v2\/users\/3"}],"replies":[{"embeddable":true,"href":"https:\/\/neredo.cl\/index.php\/wp-json\/wp\/v2\/comments?post=10729"}],"version-history":[{"count":1,"href":"https:\/\/neredo.cl\/index.php\/wp-json\/wp\/v2\/posts\/10729\/revisions"}],"predecessor-version":[{"id":10730,"href":"https:\/\/neredo.cl\/index.php\/wp-json\/wp\/v2\/posts\/10729\/revisions\/10730"}],"wp:featuredmedia":[{"embeddable":true,"href":"https:\/\/neredo.cl\/index.php\/wp-json\/wp\/v2\/media\/9457"}],"wp:attachment":[{"href":"https:\/\/neredo.cl\/index.php\/wp-json\/wp\/v2\/media?parent=10729"}],"wp:term":[{"taxonomy":"category","embeddable":true,"href":"https:\/\/neredo.cl\/index.php\/wp-json\/wp\/v2\/categories?post=10729"},{"taxonomy":"post_tag","embeddable":true,"href":"https:\/\/neredo.cl\/index.php\/wp-json\/wp\/v2\/tags?post=10729"}],"curies":[{"name":"wp","href":"https:\/\/api.w.org\/{rel}","templated":true}]}}