{"id":10736,"date":"2024-01-16T19:49:44","date_gmt":"2024-01-16T19:49:44","guid":{"rendered":"https:\/\/neredo.cl\/?p=10736"},"modified":"2024-01-16T19:49:44","modified_gmt":"2024-01-16T19:49:44","slug":"arquitectura-personalizada","status":"publish","type":"post","link":"https:\/\/neredo.cl\/index.php\/arquitectura-personalizada\/","title":{"rendered":"ARQUITECTURA PERSONALIZADA"},"content":{"rendered":"<p><strong>Arquitectura de Vanguardia: Transformando Espacios con Nuestro Enfoque Bioclim\u00e1tico en la Construcci\u00f3n<\/strong><\/p>\n<p>En la b\u00fasqueda constante de innovaci\u00f3n y sostenibilidad, nos sumergimos en la arquitectura de vanguardia con un enfoque bioclim\u00e1tico que redefine la construcci\u00f3n moderna. Nuestros proyectos se inspiran en la arquitectura canadiense, donde la eficiencia energ\u00e9tica y el respeto por el entorno se entrelazan para crear espacios \u00fanicos y sostenibles.<\/p>\n<p>La arquitectura minimalista y moderna es el n\u00facleo de nuestra filosof\u00eda de dise\u00f1o, priorizando la funcionalidad sin comprometer la est\u00e9tica. Desde casas modulares hasta proyectos personalizados, cada construcci\u00f3n refleja nuestro compromiso con la innovaci\u00f3n y la adaptabilidad.<\/p>\n<p>Exploramos la arquitectura mediterr\u00e1nea para incorporar elementos naturales y la luz abundante, creando ambientes interiores que fluyen sin esfuerzo hacia los exteriores. La arquitectura sustentable es una parte integral de nuestro proceso, utilizando tecnolog\u00edas eco amigables para reducir la huella ambiental de cada proyecto.<\/p>\n<p>Descubre con nosotros c\u00f3mo la arquitectura de vanguardia y bioclim\u00e1tica puede transformar tus espacios en ambientes modernos, eficientes y respetuosos con el medio ambiente.<\/p>\n<p>&nbsp;<\/p>\n<div class=\"divtags\">\n<h1>ARQUITECTURA AMERICANA<\/h1>\n<h1>ARQUITECTURA BIOCLIM\u00c1TICA<\/h1>\n<h1>ARQUITECTURA CANADIENSE<\/h1>\n<h1>ARQUITECTURA CL\u00c1SICA<\/h1>\n<h1>ARQUITECTURA COLONIAL<\/h1>\n<h1>ARQUITECTURA DE CASAS<\/h1>\n<h1>ARQUITECTURA DE EXTERIORES<\/h1>\n<h1>ARQUITECTURA DE INTERIORES<\/h1>\n<h1>ARQUITECTURA GEORGIANA<\/h1>\n<h1>ARQUITECTURA MEDITERR\u00c1NEA<\/h1>\n<h1>ARQUITECTURA MINIMALISTA<\/h1>\n<h1>ARQUITECTURA MODERNA<\/h1>\n<h1>ARQUITECTURA MODULAR<\/h1>\n<h1>ARQUITECTURA PERSONALIZADA<\/h1>\n<h1>ARQUITECTURA RESIDENCIAL<\/h1>\n<h1>ARQUITECTURA RURAL<\/h1>\n<h1>ARQUITECTURA SUSTENTABLE<\/h1>\n<\/div>\n","protected":false},"excerpt":{"rendered":"<p>Arquitectura de Vanguardia: Transformando Espacios con Nuestro Enfoque Bioclim\u00e1tico en la Construcci\u00f3n En la b\u00fasqueda constante de innovaci\u00f3n y sostenibilidad, nos sumergimos en la arquitectura de vanguardia con un enfoque bioclim\u00e1tico que redefine la construcci\u00f3n moderna. Nuestros proyectos se inspiran en la arquitectura canadiense, donde la eficiencia energ\u00e9tica y el respeto por el entorno se&#8230;<\/p>\n","protected":false},"author":3,"featured_media":10127,"comment_status":"closed","ping_status":"closed","sticky":false,"template":"","format":"standard","meta":{"footnotes":""},"categories":[113],"tags":[],"class_list":["post-10736","post","type-post","status-publish","format-standard","has-post-thumbnail","hentry","category-blog"],"yoast_head":"<!-- This site is optimized with the Yoast SEO plugin v26.3 - https:\/\/yoast.com\/wordpress\/plugins\/seo\/ -->\n<title>ARQUITECTURA PERSONALIZADA - Neredo Constructora<\/title>\n<meta name=\"robots\" content=\"index, follow, max-snippet:-1, max-image-preview:large, max-video-preview:-1\" \/>\n<link rel=\"canonical\" href=\"https:\/\/neredo.cl\/index.php\/arquitectura-personalizada\/\" \/>\n<meta property=\"og:locale\" content=\"es_ES\" \/>\n<meta property=\"og:type\" content=\"article\" \/>\n<meta property=\"og:title\" content=\"ARQUITECTURA PERSONALIZADA - Neredo Constructora\" \/>\n<meta property=\"og:description\" content=\"Arquitectura de Vanguardia: Transformando Espacios con Nuestro Enfoque Bioclim\u00e1tico en la Construcci\u00f3n En la b\u00fasqueda constante de innovaci\u00f3n y sostenibilidad, nos sumergimos en la arquitectura de vanguardia con un enfoque bioclim\u00e1tico que redefine la construcci\u00f3n moderna. Nuestros proyectos se inspiran en la arquitectura canadiense, donde la eficiencia energ\u00e9tica y el respeto por el entorno se...\" \/>\n<meta property=\"og:url\" content=\"https:\/\/neredo.cl\/index.php\/arquitectura-personalizada\/\" \/>\n<meta property=\"og:site_name\" content=\"Neredo Constructora\" \/>\n<meta property=\"article:published_time\" content=\"2024-01-16T19:49:44+00:00\" \/>\n<meta property=\"og:image\" content=\"https:\/\/neredo.cl\/wp-content\/uploads\/2019\/12\/Casas-americanas-estructura-madera-Talagante.png\" \/>\n\t<meta property=\"og:image:width\" content=\"655\" \/>\n\t<meta property=\"og:image:height\" content=\"422\" \/>\n\t<meta property=\"og:image:type\" content=\"image\/png\" \/>\n<meta name=\"author\" content=\"srtv\" \/>\n<meta name=\"twitter:card\" content=\"summary_large_image\" \/>\n<meta name=\"twitter:label1\" content=\"Escrito por\" \/>\n\t<meta name=\"twitter:data1\" content=\"srtv\" \/>\n\t<meta name=\"twitter:label2\" content=\"Tiempo de lectura\" \/>\n\t<meta name=\"twitter:data2\" content=\"1 minuto\" \/>\n<script type=\"application\/ld+json\" class=\"yoast-schema-graph\">{\"@context\":\"https:\/\/schema.org\",\"@graph\":[{\"@type\":\"Article\",\"@id\":\"https:\/\/neredo.cl\/index.php\/arquitectura-personalizada\/#article\",\"isPartOf\":{\"@id\":\"https:\/\/neredo.cl\/index.php\/arquitectura-personalizada\/\"},\"author\":{\"name\":\"srtv\",\"@id\":\"https:\/\/neredo.cl\/#\/schema\/person\/c87a8dbba4f07caa2683204caa073c25\"},\"headline\":\"ARQUITECTURA PERSONALIZADA\",\"datePublished\":\"2024-01-16T19:49:44+00:00\",\"mainEntityOfPage\":{\"@id\":\"https:\/\/neredo.cl\/index.php\/arquitectura-personalizada\/\"},\"wordCount\":227,\"publisher\":{\"@id\":\"https:\/\/neredo.cl\/#organization\"},\"image\":{\"@id\":\"https:\/\/neredo.cl\/index.php\/arquitectura-personalizada\/#primaryimage\"},\"thumbnailUrl\":\"https:\/\/neredo.cl\/wp-content\/uploads\/2019\/12\/Casas-americanas-estructura-madera-Talagante.png\",\"articleSection\":[\"Blog\"],\"inLanguage\":\"es\"},{\"@type\":\"WebPage\",\"@id\":\"https:\/\/neredo.cl\/index.php\/arquitectura-personalizada\/\",\"url\":\"https:\/\/neredo.cl\/index.php\/arquitectura-personalizada\/\",\"name\":\"ARQUITECTURA PERSONALIZADA - Neredo Constructora\",\"isPartOf\":{\"@id\":\"https:\/\/neredo.cl\/#website\"},\"primaryImageOfPage\":{\"@id\":\"https:\/\/neredo.cl\/index.php\/arquitectura-personalizada\/#primaryimage\"},\"image\":{\"@id\":\"https:\/\/neredo.cl\/index.php\/arquitectura-personalizada\/#primaryimage\"},\"thumbnailUrl\":\"https:\/\/neredo.cl\/wp-content\/uploads\/2019\/12\/Casas-americanas-estructura-madera-Talagante.png\",\"datePublished\":\"2024-01-16T19:49:44+00:00\",\"breadcrumb\":{\"@id\":\"https:\/\/neredo.cl\/index.php\/arquitectura-personalizada\/#breadcrumb\"},\"inLanguage\":\"es\",\"potentialAction\":[{\"@type\":\"ReadAction\",\"target\":[\"https:\/\/neredo.cl\/index.php\/arquitectura-personalizada\/\"]}]},{\"@type\":\"ImageObject\",\"inLanguage\":\"es\",\"@id\":\"https:\/\/neredo.cl\/index.php\/arquitectura-personalizada\/#primaryimage\",\"url\":\"https:\/\/neredo.cl\/wp-content\/uploads\/2019\/12\/Casas-americanas-estructura-madera-Talagante.png\",\"contentUrl\":\"https:\/\/neredo.cl\/wp-content\/uploads\/2019\/12\/Casas-americanas-estructura-madera-Talagante.png\",\"width\":655,\"height\":422},{\"@type\":\"BreadcrumbList\",\"@id\":\"https:\/\/neredo.cl\/index.php\/arquitectura-personalizada\/#breadcrumb\",\"itemListElement\":[{\"@type\":\"ListItem\",\"position\":1,\"name\":\"Portada\",\"item\":\"https:\/\/neredo.cl\/\"},{\"@type\":\"ListItem\",\"position\":2,\"name\":\"ARQUITECTURA PERSONALIZADA\"}]},{\"@type\":\"WebSite\",\"@id\":\"https:\/\/neredo.cl\/#website\",\"url\":\"https:\/\/neredo.cl\/\",\"name\":\"Neredo Constructora\",\"description\":\"Somos expertos en hacer realidad tus sue\u00f1os\",\"publisher\":{\"@id\":\"https:\/\/neredo.cl\/#organization\"},\"potentialAction\":[{\"@type\":\"SearchAction\",\"target\":{\"@type\":\"EntryPoint\",\"urlTemplate\":\"https:\/\/neredo.cl\/?s={search_term_string}\"},\"query-input\":{\"@type\":\"PropertyValueSpecification\",\"valueRequired\":true,\"valueName\":\"search_term_string\"}}],\"inLanguage\":\"es\"},{\"@type\":\"Organization\",\"@id\":\"https:\/\/neredo.cl\/#organization\",\"name\":\"Neredo Constructora\",\"url\":\"https:\/\/neredo.cl\/\",\"logo\":{\"@type\":\"ImageObject\",\"inLanguage\":\"es\",\"@id\":\"https:\/\/neredo.cl\/#\/schema\/logo\/image\/\",\"url\":\"https:\/\/neredo.cl\/wp-content\/uploads\/2017\/07\/REDISENO-NEREDO-22.jpg\",\"contentUrl\":\"https:\/\/neredo.cl\/wp-content\/uploads\/2017\/07\/REDISENO-NEREDO-22.jpg\",\"width\":2112,\"height\":1069,\"caption\":\"Neredo Constructora\"},\"image\":{\"@id\":\"https:\/\/neredo.cl\/#\/schema\/logo\/image\/\"},\"sameAs\":[\"https:\/\/www.instagram.com\/constructoraneredo\"]},{\"@type\":\"Person\",\"@id\":\"https:\/\/neredo.cl\/#\/schema\/person\/c87a8dbba4f07caa2683204caa073c25\",\"name\":\"srtv\",\"image\":{\"@type\":\"ImageObject\",\"inLanguage\":\"es\",\"@id\":\"https:\/\/neredo.cl\/#\/schema\/person\/image\/\",\"url\":\"https:\/\/secure.gravatar.com\/avatar\/274ca39275db8ab596e20da7c26ef300d3a005ef0040e9441ad5d9fcd52adc22?s=96&d=mm&r=g\",\"contentUrl\":\"https:\/\/secure.gravatar.com\/avatar\/274ca39275db8ab596e20da7c26ef300d3a005ef0040e9441ad5d9fcd52adc22?s=96&d=mm&r=g\",\"caption\":\"srtv\"},\"url\":\"https:\/\/neredo.cl\/index.php\/author\/srtv\/\"}]}<\/script>\n<!-- \/ Yoast SEO plugin. -->","yoast_head_json":{"title":"ARQUITECTURA PERSONALIZADA - Neredo Constructora","robots":{"index":"index","follow":"follow","max-snippet":"max-snippet:-1","max-image-preview":"max-image-preview:large","max-video-preview":"max-video-preview:-1"},"canonical":"https:\/\/neredo.cl\/index.php\/arquitectura-personalizada\/","og_locale":"es_ES","og_type":"article","og_title":"ARQUITECTURA PERSONALIZADA - Neredo Constructora","og_description":"Arquitectura de Vanguardia: Transformando Espacios con Nuestro Enfoque Bioclim\u00e1tico en la Construcci\u00f3n En la b\u00fasqueda constante de innovaci\u00f3n y sostenibilidad, nos sumergimos en la arquitectura de vanguardia con un enfoque bioclim\u00e1tico que redefine la construcci\u00f3n moderna. Nuestros proyectos se inspiran en la arquitectura canadiense, donde la eficiencia energ\u00e9tica y el respeto por el entorno se...","og_url":"https:\/\/neredo.cl\/index.php\/arquitectura-personalizada\/","og_site_name":"Neredo Constructora","article_published_time":"2024-01-16T19:49:44+00:00","og_image":[{"width":655,"height":422,"url":"https:\/\/neredo.cl\/wp-content\/uploads\/2019\/12\/Casas-americanas-estructura-madera-Talagante.png","type":"image\/png"}],"author":"srtv","twitter_card":"summary_large_image","twitter_misc":{"Escrito por":"srtv","Tiempo de lectura":"1 minuto"},"schema":{"@context":"https:\/\/schema.org","@graph":[{"@type":"Article","@id":"https:\/\/neredo.cl\/index.php\/arquitectura-personalizada\/#article","isPartOf":{"@id":"https:\/\/neredo.cl\/index.php\/arquitectura-personalizada\/"},"author":{"name":"srtv","@id":"https:\/\/neredo.cl\/#\/schema\/person\/c87a8dbba4f07caa2683204caa073c25"},"headline":"ARQUITECTURA PERSONALIZADA","datePublished":"2024-01-16T19:49:44+00:00","mainEntityOfPage":{"@id":"https:\/\/neredo.cl\/index.php\/arquitectura-personalizada\/"},"wordCount":227,"publisher":{"@id":"https:\/\/neredo.cl\/#organization"},"image":{"@id":"https:\/\/neredo.cl\/index.php\/arquitectura-personalizada\/#primaryimage"},"thumbnailUrl":"https:\/\/neredo.cl\/wp-content\/uploads\/2019\/12\/Casas-americanas-estructura-madera-Talagante.png","articleSection":["Blog"],"inLanguage":"es"},{"@type":"WebPage","@id":"https:\/\/neredo.cl\/index.php\/arquitectura-personalizada\/","url":"https:\/\/neredo.cl\/index.php\/arquitectura-personalizada\/","name":"ARQUITECTURA PERSONALIZADA - Neredo Constructora","isPartOf":{"@id":"https:\/\/neredo.cl\/#website"},"primaryImageOfPage":{"@id":"https:\/\/neredo.cl\/index.php\/arquitectura-personalizada\/#primaryimage"},"image":{"@id":"https:\/\/neredo.cl\/index.php\/arquitectura-personalizada\/#primaryimage"},"thumbnailUrl":"https:\/\/neredo.cl\/wp-content\/uploads\/2019\/12\/Casas-americanas-estructura-madera-Talagante.png","datePublished":"2024-01-16T19:49:44+00:00","breadcrumb":{"@id":"https:\/\/neredo.cl\/index.php\/arquitectura-personalizada\/#breadcrumb"},"inLanguage":"es","potentialAction":[{"@type":"ReadAction","target":["https:\/\/neredo.cl\/index.php\/arquitectura-personalizada\/"]}]},{"@type":"ImageObject","inLanguage":"es","@id":"https:\/\/neredo.cl\/index.php\/arquitectura-personalizada\/#primaryimage","url":"https:\/\/neredo.cl\/wp-content\/uploads\/2019\/12\/Casas-americanas-estructura-madera-Talagante.png","contentUrl":"https:\/\/neredo.cl\/wp-content\/uploads\/2019\/12\/Casas-americanas-estructura-madera-Talagante.png","width":655,"height":422},{"@type":"BreadcrumbList","@id":"https:\/\/neredo.cl\/index.php\/arquitectura-personalizada\/#breadcrumb","itemListElement":[{"@type":"ListItem","position":1,"name":"Portada","item":"https:\/\/neredo.cl\/"},{"@type":"ListItem","position":2,"name":"ARQUITECTURA PERSONALIZADA"}]},{"@type":"WebSite","@id":"https:\/\/neredo.cl\/#website","url":"https:\/\/neredo.cl\/","name":"Neredo Constructora","description":"Somos expertos en hacer realidad tus sue\u00f1os","publisher":{"@id":"https:\/\/neredo.cl\/#organization"},"potentialAction":[{"@type":"SearchAction","target":{"@type":"EntryPoint","urlTemplate":"https:\/\/neredo.cl\/?s={search_term_string}"},"query-input":{"@type":"PropertyValueSpecification","valueRequired":true,"valueName":"search_term_string"}}],"inLanguage":"es"},{"@type":"Organization","@id":"https:\/\/neredo.cl\/#organization","name":"Neredo Constructora","url":"https:\/\/neredo.cl\/","logo":{"@type":"ImageObject","inLanguage":"es","@id":"https:\/\/neredo.cl\/#\/schema\/logo\/image\/","url":"https:\/\/neredo.cl\/wp-content\/uploads\/2017\/07\/REDISENO-NEREDO-22.jpg","contentUrl":"https:\/\/neredo.cl\/wp-content\/uploads\/2017\/07\/REDISENO-NEREDO-22.jpg","width":2112,"height":1069,"caption":"Neredo Constructora"},"image":{"@id":"https:\/\/neredo.cl\/#\/schema\/logo\/image\/"},"sameAs":["https:\/\/www.instagram.com\/constructoraneredo"]},{"@type":"Person","@id":"https:\/\/neredo.cl\/#\/schema\/person\/c87a8dbba4f07caa2683204caa073c25","name":"srtv","image":{"@type":"ImageObject","inLanguage":"es","@id":"https:\/\/neredo.cl\/#\/schema\/person\/image\/","url":"https:\/\/secure.gravatar.com\/avatar\/274ca39275db8ab596e20da7c26ef300d3a005ef0040e9441ad5d9fcd52adc22?s=96&d=mm&r=g","contentUrl":"https:\/\/secure.gravatar.com\/avatar\/274ca39275db8ab596e20da7c26ef300d3a005ef0040e9441ad5d9fcd52adc22?s=96&d=mm&r=g","caption":"srtv"},"url":"https:\/\/neredo.cl\/index.php\/author\/srtv\/"}]}},"_links":{"self":[{"href":"https:\/\/neredo.cl\/index.php\/wp-json\/wp\/v2\/posts\/10736","targetHints":{"allow":["GET"]}}],"collection":[{"href":"https:\/\/neredo.cl\/index.php\/wp-json\/wp\/v2\/posts"}],"about":[{"href":"https:\/\/neredo.cl\/index.php\/wp-json\/wp\/v2\/types\/post"}],"author":[{"embeddable":true,"href":"https:\/\/neredo.cl\/index.php\/wp-json\/wp\/v2\/users\/3"}],"replies":[{"embeddable":true,"href":"https:\/\/neredo.cl\/index.php\/wp-json\/wp\/v2\/comments?post=10736"}],"version-history":[{"count":1,"href":"https:\/\/neredo.cl\/index.php\/wp-json\/wp\/v2\/posts\/10736\/revisions"}],"predecessor-version":[{"id":10737,"href":"https:\/\/neredo.cl\/index.php\/wp-json\/wp\/v2\/posts\/10736\/revisions\/10737"}],"wp:featuredmedia":[{"embeddable":true,"href":"https:\/\/neredo.cl\/index.php\/wp-json\/wp\/v2\/media\/10127"}],"wp:attachment":[{"href":"https:\/\/neredo.cl\/index.php\/wp-json\/wp\/v2\/media?parent=10736"}],"wp:term":[{"taxonomy":"category","embeddable":true,"href":"https:\/\/neredo.cl\/index.php\/wp-json\/wp\/v2\/categories?post=10736"},{"taxonomy":"post_tag","embeddable":true,"href":"https:\/\/neredo.cl\/index.php\/wp-json\/wp\/v2\/tags?post=10736"}],"curies":[{"name":"wp","href":"https:\/\/api.w.org\/{rel}","templated":true}]}}