{"id":10769,"date":"2024-01-16T20:47:53","date_gmt":"2024-01-16T20:47:53","guid":{"rendered":"https:\/\/neredo.cl\/?p=10769"},"modified":"2024-01-16T20:47:53","modified_gmt":"2024-01-16T20:47:53","slug":"precios-de-casas-de-madera","status":"publish","type":"post","link":"https:\/\/neredo.cl\/index.php\/precios-de-casas-de-madera\/","title":{"rendered":"PRECIOS DE CASAS DE MADERA"},"content":{"rendered":"<p><strong>Enfoque Econ\u00f3mico: Descubriendo los Precios de Casas de Madera a Medida<\/strong><\/p>\n<p>Explorar la posibilidad de una casa de madera no solo es un viaje hacia lo est\u00e9tico, sino tambi\u00e9n hacia lo econ\u00f3mico. En nuestro compromiso con un \u00abEnfoque Econ\u00f3mico\u00bb, te invitamos a descubrir los precios de casas de madera a medida que se adaptan a tus necesidades y presupuesto.<\/p>\n<p>Nuestra transparencia en los precios garantiza que cada cliente comprenda los costos asociados con la construcci\u00f3n de casas de madera. Desde las opciones de madera disponibles hasta los detalles de dise\u00f1o personalizados, trabajamos contigo para encontrar la soluci\u00f3n perfecta que combine calidad y accesibilidad econ\u00f3mica.<\/p>\n<p>Enfocarse en lo econ\u00f3mico no significa sacrificar la calidad. Nuestro equipo se esfuerza por equilibrar la excelencia en la \u00abFabricaci\u00f3n de Casas de Madera\u00bb con tarifas competitivas, brind\u00e1ndote la oportunidad de tener la casa de tus sue\u00f1os sin comprometer tu bolsillo<\/p>\n<p>Descubre c\u00f3mo nuestro \u00abEnfoque Econ\u00f3mico\u00bb hace realidad la posibilidad de vivir en una casa de madera, abriendo las puertas a un hogar que refleja tu estilo de vida sin romper tu presupuesto.<\/p>\n<p>&nbsp;<\/p>\n<div class=\"divtags\">\n<h1>ESTRUCTURA DE ACERO PARA CASAS<\/h1>\n<h1>FABRICACI\u00d3N CASAS DE MADERA<\/h1>\n<h1>PRECIOS DE CASAS DE MADERA<\/h1>\n<h1>PRECIOS DE TECHOS PARA TERRAZAS<\/h1>\n<h1>TIPOS DE QUINCHOS PARA CASAS<\/h1>\n<h1>TIPOS DE TECHOS PARA TERRAZAS<\/h1>\n<h1>VILLAS MEDITERR\u00c1NEAS<\/h1>\n<\/div>\n","protected":false},"excerpt":{"rendered":"<p>Enfoque Econ\u00f3mico: Descubriendo los Precios de Casas de Madera a Medida Explorar la posibilidad de una casa de madera no solo es un viaje hacia lo est\u00e9tico, sino tambi\u00e9n hacia lo econ\u00f3mico. En nuestro compromiso con un \u00abEnfoque Econ\u00f3mico\u00bb, te invitamos a descubrir los precios de casas de madera a medida que se adaptan a&#8230;<\/p>\n","protected":false},"author":3,"featured_media":10086,"comment_status":"closed","ping_status":"closed","sticky":false,"template":"","format":"standard","meta":{"footnotes":""},"categories":[113],"tags":[],"class_list":["post-10769","post","type-post","status-publish","format-standard","has-post-thumbnail","hentry","category-blog"],"yoast_head":"<!-- This site is optimized with the Yoast SEO plugin v26.3 - https:\/\/yoast.com\/wordpress\/plugins\/seo\/ -->\n<title>PRECIOS DE CASAS DE MADERA - Neredo Constructora<\/title>\n<meta name=\"robots\" content=\"index, follow, max-snippet:-1, max-image-preview:large, max-video-preview:-1\" \/>\n<link rel=\"canonical\" href=\"https:\/\/neredo.cl\/index.php\/precios-de-casas-de-madera\/\" \/>\n<meta property=\"og:locale\" content=\"es_ES\" \/>\n<meta property=\"og:type\" content=\"article\" \/>\n<meta property=\"og:title\" content=\"PRECIOS DE CASAS DE MADERA - Neredo Constructora\" \/>\n<meta property=\"og:description\" content=\"Enfoque Econ\u00f3mico: Descubriendo los Precios de Casas de Madera a Medida Explorar la posibilidad de una casa de madera no solo es un viaje hacia lo est\u00e9tico, sino tambi\u00e9n hacia lo econ\u00f3mico. En nuestro compromiso con un \u00abEnfoque Econ\u00f3mico\u00bb, te invitamos a descubrir los precios de casas de madera a medida que se adaptan a...\" \/>\n<meta property=\"og:url\" content=\"https:\/\/neredo.cl\/index.php\/precios-de-casas-de-madera\/\" \/>\n<meta property=\"og:site_name\" content=\"Neredo Constructora\" \/>\n<meta property=\"article:published_time\" content=\"2024-01-16T20:47:53+00:00\" \/>\n<meta property=\"og:image\" content=\"https:\/\/neredo.cl\/wp-content\/uploads\/2019\/12\/casa-americana-madera-algarrobo-norte-2.png\" \/>\n\t<meta property=\"og:image:width\" content=\"806\" \/>\n\t<meta property=\"og:image:height\" content=\"519\" \/>\n\t<meta property=\"og:image:type\" content=\"image\/png\" \/>\n<meta name=\"author\" content=\"srtv\" \/>\n<meta name=\"twitter:card\" content=\"summary_large_image\" \/>\n<meta name=\"twitter:label1\" content=\"Escrito por\" \/>\n\t<meta name=\"twitter:data1\" content=\"srtv\" \/>\n\t<meta name=\"twitter:label2\" content=\"Tiempo de lectura\" \/>\n\t<meta name=\"twitter:data2\" content=\"1 minuto\" \/>\n<script type=\"application\/ld+json\" class=\"yoast-schema-graph\">{\"@context\":\"https:\/\/schema.org\",\"@graph\":[{\"@type\":\"Article\",\"@id\":\"https:\/\/neredo.cl\/index.php\/precios-de-casas-de-madera\/#article\",\"isPartOf\":{\"@id\":\"https:\/\/neredo.cl\/index.php\/precios-de-casas-de-madera\/\"},\"author\":{\"name\":\"srtv\",\"@id\":\"https:\/\/neredo.cl\/#\/schema\/person\/c87a8dbba4f07caa2683204caa073c25\"},\"headline\":\"PRECIOS DE CASAS DE MADERA\",\"datePublished\":\"2024-01-16T20:47:53+00:00\",\"mainEntityOfPage\":{\"@id\":\"https:\/\/neredo.cl\/index.php\/precios-de-casas-de-madera\/\"},\"wordCount\":231,\"publisher\":{\"@id\":\"https:\/\/neredo.cl\/#organization\"},\"image\":{\"@id\":\"https:\/\/neredo.cl\/index.php\/precios-de-casas-de-madera\/#primaryimage\"},\"thumbnailUrl\":\"https:\/\/neredo.cl\/wp-content\/uploads\/2019\/12\/casa-americana-madera-algarrobo-norte-2.png\",\"articleSection\":[\"Blog\"],\"inLanguage\":\"es\"},{\"@type\":\"WebPage\",\"@id\":\"https:\/\/neredo.cl\/index.php\/precios-de-casas-de-madera\/\",\"url\":\"https:\/\/neredo.cl\/index.php\/precios-de-casas-de-madera\/\",\"name\":\"PRECIOS DE CASAS DE MADERA - Neredo Constructora\",\"isPartOf\":{\"@id\":\"https:\/\/neredo.cl\/#website\"},\"primaryImageOfPage\":{\"@id\":\"https:\/\/neredo.cl\/index.php\/precios-de-casas-de-madera\/#primaryimage\"},\"image\":{\"@id\":\"https:\/\/neredo.cl\/index.php\/precios-de-casas-de-madera\/#primaryimage\"},\"thumbnailUrl\":\"https:\/\/neredo.cl\/wp-content\/uploads\/2019\/12\/casa-americana-madera-algarrobo-norte-2.png\",\"datePublished\":\"2024-01-16T20:47:53+00:00\",\"breadcrumb\":{\"@id\":\"https:\/\/neredo.cl\/index.php\/precios-de-casas-de-madera\/#breadcrumb\"},\"inLanguage\":\"es\",\"potentialAction\":[{\"@type\":\"ReadAction\",\"target\":[\"https:\/\/neredo.cl\/index.php\/precios-de-casas-de-madera\/\"]}]},{\"@type\":\"ImageObject\",\"inLanguage\":\"es\",\"@id\":\"https:\/\/neredo.cl\/index.php\/precios-de-casas-de-madera\/#primaryimage\",\"url\":\"https:\/\/neredo.cl\/wp-content\/uploads\/2019\/12\/casa-americana-madera-algarrobo-norte-2.png\",\"contentUrl\":\"https:\/\/neredo.cl\/wp-content\/uploads\/2019\/12\/casa-americana-madera-algarrobo-norte-2.png\",\"width\":806,\"height\":519},{\"@type\":\"BreadcrumbList\",\"@id\":\"https:\/\/neredo.cl\/index.php\/precios-de-casas-de-madera\/#breadcrumb\",\"itemListElement\":[{\"@type\":\"ListItem\",\"position\":1,\"name\":\"Portada\",\"item\":\"https:\/\/neredo.cl\/\"},{\"@type\":\"ListItem\",\"position\":2,\"name\":\"PRECIOS DE CASAS DE MADERA\"}]},{\"@type\":\"WebSite\",\"@id\":\"https:\/\/neredo.cl\/#website\",\"url\":\"https:\/\/neredo.cl\/\",\"name\":\"Neredo Constructora\",\"description\":\"Somos expertos en hacer realidad tus sue\u00f1os\",\"publisher\":{\"@id\":\"https:\/\/neredo.cl\/#organization\"},\"potentialAction\":[{\"@type\":\"SearchAction\",\"target\":{\"@type\":\"EntryPoint\",\"urlTemplate\":\"https:\/\/neredo.cl\/?s={search_term_string}\"},\"query-input\":{\"@type\":\"PropertyValueSpecification\",\"valueRequired\":true,\"valueName\":\"search_term_string\"}}],\"inLanguage\":\"es\"},{\"@type\":\"Organization\",\"@id\":\"https:\/\/neredo.cl\/#organization\",\"name\":\"Neredo Constructora\",\"url\":\"https:\/\/neredo.cl\/\",\"logo\":{\"@type\":\"ImageObject\",\"inLanguage\":\"es\",\"@id\":\"https:\/\/neredo.cl\/#\/schema\/logo\/image\/\",\"url\":\"https:\/\/neredo.cl\/wp-content\/uploads\/2017\/07\/REDISENO-NEREDO-22.jpg\",\"contentUrl\":\"https:\/\/neredo.cl\/wp-content\/uploads\/2017\/07\/REDISENO-NEREDO-22.jpg\",\"width\":2112,\"height\":1069,\"caption\":\"Neredo Constructora\"},\"image\":{\"@id\":\"https:\/\/neredo.cl\/#\/schema\/logo\/image\/\"},\"sameAs\":[\"https:\/\/www.instagram.com\/constructoraneredo\"]},{\"@type\":\"Person\",\"@id\":\"https:\/\/neredo.cl\/#\/schema\/person\/c87a8dbba4f07caa2683204caa073c25\",\"name\":\"srtv\",\"image\":{\"@type\":\"ImageObject\",\"inLanguage\":\"es\",\"@id\":\"https:\/\/neredo.cl\/#\/schema\/person\/image\/\",\"url\":\"https:\/\/secure.gravatar.com\/avatar\/274ca39275db8ab596e20da7c26ef300d3a005ef0040e9441ad5d9fcd52adc22?s=96&d=mm&r=g\",\"contentUrl\":\"https:\/\/secure.gravatar.com\/avatar\/274ca39275db8ab596e20da7c26ef300d3a005ef0040e9441ad5d9fcd52adc22?s=96&d=mm&r=g\",\"caption\":\"srtv\"},\"url\":\"https:\/\/neredo.cl\/index.php\/author\/srtv\/\"}]}<\/script>\n<!-- \/ Yoast SEO plugin. -->","yoast_head_json":{"title":"PRECIOS DE CASAS DE MADERA - Neredo Constructora","robots":{"index":"index","follow":"follow","max-snippet":"max-snippet:-1","max-image-preview":"max-image-preview:large","max-video-preview":"max-video-preview:-1"},"canonical":"https:\/\/neredo.cl\/index.php\/precios-de-casas-de-madera\/","og_locale":"es_ES","og_type":"article","og_title":"PRECIOS DE CASAS DE MADERA - Neredo Constructora","og_description":"Enfoque Econ\u00f3mico: Descubriendo los Precios de Casas de Madera a Medida Explorar la posibilidad de una casa de madera no solo es un viaje hacia lo est\u00e9tico, sino tambi\u00e9n hacia lo econ\u00f3mico. En nuestro compromiso con un \u00abEnfoque Econ\u00f3mico\u00bb, te invitamos a descubrir los precios de casas de madera a medida que se adaptan a...","og_url":"https:\/\/neredo.cl\/index.php\/precios-de-casas-de-madera\/","og_site_name":"Neredo Constructora","article_published_time":"2024-01-16T20:47:53+00:00","og_image":[{"width":806,"height":519,"url":"https:\/\/neredo.cl\/wp-content\/uploads\/2019\/12\/casa-americana-madera-algarrobo-norte-2.png","type":"image\/png"}],"author":"srtv","twitter_card":"summary_large_image","twitter_misc":{"Escrito por":"srtv","Tiempo de lectura":"1 minuto"},"schema":{"@context":"https:\/\/schema.org","@graph":[{"@type":"Article","@id":"https:\/\/neredo.cl\/index.php\/precios-de-casas-de-madera\/#article","isPartOf":{"@id":"https:\/\/neredo.cl\/index.php\/precios-de-casas-de-madera\/"},"author":{"name":"srtv","@id":"https:\/\/neredo.cl\/#\/schema\/person\/c87a8dbba4f07caa2683204caa073c25"},"headline":"PRECIOS DE CASAS DE MADERA","datePublished":"2024-01-16T20:47:53+00:00","mainEntityOfPage":{"@id":"https:\/\/neredo.cl\/index.php\/precios-de-casas-de-madera\/"},"wordCount":231,"publisher":{"@id":"https:\/\/neredo.cl\/#organization"},"image":{"@id":"https:\/\/neredo.cl\/index.php\/precios-de-casas-de-madera\/#primaryimage"},"thumbnailUrl":"https:\/\/neredo.cl\/wp-content\/uploads\/2019\/12\/casa-americana-madera-algarrobo-norte-2.png","articleSection":["Blog"],"inLanguage":"es"},{"@type":"WebPage","@id":"https:\/\/neredo.cl\/index.php\/precios-de-casas-de-madera\/","url":"https:\/\/neredo.cl\/index.php\/precios-de-casas-de-madera\/","name":"PRECIOS DE CASAS DE MADERA - Neredo Constructora","isPartOf":{"@id":"https:\/\/neredo.cl\/#website"},"primaryImageOfPage":{"@id":"https:\/\/neredo.cl\/index.php\/precios-de-casas-de-madera\/#primaryimage"},"image":{"@id":"https:\/\/neredo.cl\/index.php\/precios-de-casas-de-madera\/#primaryimage"},"thumbnailUrl":"https:\/\/neredo.cl\/wp-content\/uploads\/2019\/12\/casa-americana-madera-algarrobo-norte-2.png","datePublished":"2024-01-16T20:47:53+00:00","breadcrumb":{"@id":"https:\/\/neredo.cl\/index.php\/precios-de-casas-de-madera\/#breadcrumb"},"inLanguage":"es","potentialAction":[{"@type":"ReadAction","target":["https:\/\/neredo.cl\/index.php\/precios-de-casas-de-madera\/"]}]},{"@type":"ImageObject","inLanguage":"es","@id":"https:\/\/neredo.cl\/index.php\/precios-de-casas-de-madera\/#primaryimage","url":"https:\/\/neredo.cl\/wp-content\/uploads\/2019\/12\/casa-americana-madera-algarrobo-norte-2.png","contentUrl":"https:\/\/neredo.cl\/wp-content\/uploads\/2019\/12\/casa-americana-madera-algarrobo-norte-2.png","width":806,"height":519},{"@type":"BreadcrumbList","@id":"https:\/\/neredo.cl\/index.php\/precios-de-casas-de-madera\/#breadcrumb","itemListElement":[{"@type":"ListItem","position":1,"name":"Portada","item":"https:\/\/neredo.cl\/"},{"@type":"ListItem","position":2,"name":"PRECIOS DE CASAS DE MADERA"}]},{"@type":"WebSite","@id":"https:\/\/neredo.cl\/#website","url":"https:\/\/neredo.cl\/","name":"Neredo Constructora","description":"Somos expertos en hacer realidad tus sue\u00f1os","publisher":{"@id":"https:\/\/neredo.cl\/#organization"},"potentialAction":[{"@type":"SearchAction","target":{"@type":"EntryPoint","urlTemplate":"https:\/\/neredo.cl\/?s={search_term_string}"},"query-input":{"@type":"PropertyValueSpecification","valueRequired":true,"valueName":"search_term_string"}}],"inLanguage":"es"},{"@type":"Organization","@id":"https:\/\/neredo.cl\/#organization","name":"Neredo Constructora","url":"https:\/\/neredo.cl\/","logo":{"@type":"ImageObject","inLanguage":"es","@id":"https:\/\/neredo.cl\/#\/schema\/logo\/image\/","url":"https:\/\/neredo.cl\/wp-content\/uploads\/2017\/07\/REDISENO-NEREDO-22.jpg","contentUrl":"https:\/\/neredo.cl\/wp-content\/uploads\/2017\/07\/REDISENO-NEREDO-22.jpg","width":2112,"height":1069,"caption":"Neredo Constructora"},"image":{"@id":"https:\/\/neredo.cl\/#\/schema\/logo\/image\/"},"sameAs":["https:\/\/www.instagram.com\/constructoraneredo"]},{"@type":"Person","@id":"https:\/\/neredo.cl\/#\/schema\/person\/c87a8dbba4f07caa2683204caa073c25","name":"srtv","image":{"@type":"ImageObject","inLanguage":"es","@id":"https:\/\/neredo.cl\/#\/schema\/person\/image\/","url":"https:\/\/secure.gravatar.com\/avatar\/274ca39275db8ab596e20da7c26ef300d3a005ef0040e9441ad5d9fcd52adc22?s=96&d=mm&r=g","contentUrl":"https:\/\/secure.gravatar.com\/avatar\/274ca39275db8ab596e20da7c26ef300d3a005ef0040e9441ad5d9fcd52adc22?s=96&d=mm&r=g","caption":"srtv"},"url":"https:\/\/neredo.cl\/index.php\/author\/srtv\/"}]}},"_links":{"self":[{"href":"https:\/\/neredo.cl\/index.php\/wp-json\/wp\/v2\/posts\/10769","targetHints":{"allow":["GET"]}}],"collection":[{"href":"https:\/\/neredo.cl\/index.php\/wp-json\/wp\/v2\/posts"}],"about":[{"href":"https:\/\/neredo.cl\/index.php\/wp-json\/wp\/v2\/types\/post"}],"author":[{"embeddable":true,"href":"https:\/\/neredo.cl\/index.php\/wp-json\/wp\/v2\/users\/3"}],"replies":[{"embeddable":true,"href":"https:\/\/neredo.cl\/index.php\/wp-json\/wp\/v2\/comments?post=10769"}],"version-history":[{"count":1,"href":"https:\/\/neredo.cl\/index.php\/wp-json\/wp\/v2\/posts\/10769\/revisions"}],"predecessor-version":[{"id":10770,"href":"https:\/\/neredo.cl\/index.php\/wp-json\/wp\/v2\/posts\/10769\/revisions\/10770"}],"wp:featuredmedia":[{"embeddable":true,"href":"https:\/\/neredo.cl\/index.php\/wp-json\/wp\/v2\/media\/10086"}],"wp:attachment":[{"href":"https:\/\/neredo.cl\/index.php\/wp-json\/wp\/v2\/media?parent=10769"}],"wp:term":[{"taxonomy":"category","embeddable":true,"href":"https:\/\/neredo.cl\/index.php\/wp-json\/wp\/v2\/categories?post=10769"},{"taxonomy":"post_tag","embeddable":true,"href":"https:\/\/neredo.cl\/index.php\/wp-json\/wp\/v2\/tags?post=10769"}],"curies":[{"name":"wp","href":"https:\/\/api.w.org\/{rel}","templated":true}]}}