{"id":11087,"date":"2024-12-30T12:51:58","date_gmt":"2024-12-30T12:51:58","guid":{"rendered":"https:\/\/neredo.cl\/?p=11087"},"modified":"2024-12-30T12:51:58","modified_gmt":"2024-12-30T12:51:58","slug":"cambio-de-ventanas-en-la-reina","status":"publish","type":"post","link":"https:\/\/neredo.cl\/index.php\/cambio-de-ventanas-en-la-reina\/","title":{"rendered":"Cambio de Ventanas en La Reina"},"content":{"rendered":"<p>El cambio de ventanas en La Reina es una excelente opci\u00f3n para mejorar tanto la est\u00e9tica como la eficiencia energ\u00e9tica de tu hogar. Las ventanas juegan un papel crucial en la protecci\u00f3n de la vivienda contra las inclemencias del tiempo, el ruido y la p\u00e9rdida de calor, por lo que elegir las adecuadas es esencial para el confort de la casa.<\/p>\n<p>En La Reina, es recomendable optar por ventanas de alta calidad, como las de PVC o aluminio, que ofrecen una excelente aislamiento t\u00e9rmico y ac\u00fastico. Adem\u00e1s, se pueden elegir cristales de doble o triple acristalamiento, que no solo mejoran el rendimiento energ\u00e9tico de la vivienda, sino que tambi\u00e9n permiten reducir la factura de calefacci\u00f3n en invierno y mantener la casa m\u00e1s fresca en verano.<\/p>\n<p>El cambio de ventanas tambi\u00e9n es una excelente oportunidad para renovar el estilo de la casa. Las ventanas modernas no solo son m\u00e1s eficientes, sino que tambi\u00e9n pueden ser m\u00e1s elegantes y funcionales, adapt\u00e1ndose a las tendencias de dise\u00f1o contempor\u00e1neo. Una correcta instalaci\u00f3n garantiza que las ventanas sean seguras, duraderas y resistentes al paso del tiempo.<\/p>\n","protected":false},"excerpt":{"rendered":"<p>El cambio de ventanas en La Reina es una excelente opci\u00f3n para mejorar tanto la est\u00e9tica como la eficiencia energ\u00e9tica de tu hogar. Las ventanas juegan un papel crucial en la protecci\u00f3n de la vivienda contra las inclemencias del tiempo, el ruido y la p\u00e9rdida de calor, por lo que elegir las adecuadas es esencial&#8230;<\/p>\n","protected":false},"author":3,"featured_media":11088,"comment_status":"closed","ping_status":"closed","sticky":false,"template":"","format":"standard","meta":{"footnotes":""},"categories":[113],"tags":[],"class_list":["post-11087","post","type-post","status-publish","format-standard","has-post-thumbnail","hentry","category-blog"],"yoast_head":"<!-- This site is optimized with the Yoast SEO plugin v26.3 - https:\/\/yoast.com\/wordpress\/plugins\/seo\/ -->\n<title>Cambio de Ventanas en La Reina - Neredo Constructora<\/title>\n<meta name=\"robots\" content=\"index, follow, max-snippet:-1, max-image-preview:large, max-video-preview:-1\" \/>\n<link rel=\"canonical\" href=\"https:\/\/neredo.cl\/index.php\/cambio-de-ventanas-en-la-reina\/\" \/>\n<meta property=\"og:locale\" content=\"es_ES\" \/>\n<meta property=\"og:type\" content=\"article\" \/>\n<meta property=\"og:title\" content=\"Cambio de Ventanas en La Reina - Neredo Constructora\" \/>\n<meta property=\"og:description\" content=\"El cambio de ventanas en La Reina es una excelente opci\u00f3n para mejorar tanto la est\u00e9tica como la eficiencia energ\u00e9tica de tu hogar. Las ventanas juegan un papel crucial en la protecci\u00f3n de la vivienda contra las inclemencias del tiempo, el ruido y la p\u00e9rdida de calor, por lo que elegir las adecuadas es esencial...\" \/>\n<meta property=\"og:url\" content=\"https:\/\/neredo.cl\/index.php\/cambio-de-ventanas-en-la-reina\/\" \/>\n<meta property=\"og:site_name\" content=\"Neredo Constructora\" \/>\n<meta property=\"article:published_time\" content=\"2024-12-30T12:51:58+00:00\" \/>\n<meta property=\"og:image\" content=\"https:\/\/neredo.cl\/wp-content\/uploads\/2024\/12\/Cambio-de-Ventanas-en-La-Reina.jpg\" \/>\n\t<meta property=\"og:image:width\" content=\"720\" \/>\n\t<meta property=\"og:image:height\" content=\"1280\" \/>\n\t<meta property=\"og:image:type\" content=\"image\/jpeg\" \/>\n<meta name=\"author\" content=\"srtv\" \/>\n<meta name=\"twitter:card\" content=\"summary_large_image\" \/>\n<meta name=\"twitter:label1\" content=\"Escrito por\" \/>\n\t<meta name=\"twitter:data1\" content=\"srtv\" \/>\n\t<meta name=\"twitter:label2\" content=\"Tiempo de lectura\" \/>\n\t<meta name=\"twitter:data2\" content=\"1 minuto\" \/>\n<script type=\"application\/ld+json\" class=\"yoast-schema-graph\">{\"@context\":\"https:\/\/schema.org\",\"@graph\":[{\"@type\":\"Article\",\"@id\":\"https:\/\/neredo.cl\/index.php\/cambio-de-ventanas-en-la-reina\/#article\",\"isPartOf\":{\"@id\":\"https:\/\/neredo.cl\/index.php\/cambio-de-ventanas-en-la-reina\/\"},\"author\":{\"name\":\"srtv\",\"@id\":\"https:\/\/neredo.cl\/#\/schema\/person\/c87a8dbba4f07caa2683204caa073c25\"},\"headline\":\"Cambio de Ventanas en La Reina\",\"datePublished\":\"2024-12-30T12:51:58+00:00\",\"mainEntityOfPage\":{\"@id\":\"https:\/\/neredo.cl\/index.php\/cambio-de-ventanas-en-la-reina\/\"},\"wordCount\":207,\"publisher\":{\"@id\":\"https:\/\/neredo.cl\/#organization\"},\"image\":{\"@id\":\"https:\/\/neredo.cl\/index.php\/cambio-de-ventanas-en-la-reina\/#primaryimage\"},\"thumbnailUrl\":\"https:\/\/neredo.cl\/wp-content\/uploads\/2024\/12\/Cambio-de-Ventanas-en-La-Reina.jpg\",\"articleSection\":[\"Blog\"],\"inLanguage\":\"es\"},{\"@type\":\"WebPage\",\"@id\":\"https:\/\/neredo.cl\/index.php\/cambio-de-ventanas-en-la-reina\/\",\"url\":\"https:\/\/neredo.cl\/index.php\/cambio-de-ventanas-en-la-reina\/\",\"name\":\"Cambio de Ventanas en La Reina - Neredo Constructora\",\"isPartOf\":{\"@id\":\"https:\/\/neredo.cl\/#website\"},\"primaryImageOfPage\":{\"@id\":\"https:\/\/neredo.cl\/index.php\/cambio-de-ventanas-en-la-reina\/#primaryimage\"},\"image\":{\"@id\":\"https:\/\/neredo.cl\/index.php\/cambio-de-ventanas-en-la-reina\/#primaryimage\"},\"thumbnailUrl\":\"https:\/\/neredo.cl\/wp-content\/uploads\/2024\/12\/Cambio-de-Ventanas-en-La-Reina.jpg\",\"datePublished\":\"2024-12-30T12:51:58+00:00\",\"breadcrumb\":{\"@id\":\"https:\/\/neredo.cl\/index.php\/cambio-de-ventanas-en-la-reina\/#breadcrumb\"},\"inLanguage\":\"es\",\"potentialAction\":[{\"@type\":\"ReadAction\",\"target\":[\"https:\/\/neredo.cl\/index.php\/cambio-de-ventanas-en-la-reina\/\"]}]},{\"@type\":\"ImageObject\",\"inLanguage\":\"es\",\"@id\":\"https:\/\/neredo.cl\/index.php\/cambio-de-ventanas-en-la-reina\/#primaryimage\",\"url\":\"https:\/\/neredo.cl\/wp-content\/uploads\/2024\/12\/Cambio-de-Ventanas-en-La-Reina.jpg\",\"contentUrl\":\"https:\/\/neredo.cl\/wp-content\/uploads\/2024\/12\/Cambio-de-Ventanas-en-La-Reina.jpg\",\"width\":720,\"height\":1280},{\"@type\":\"BreadcrumbList\",\"@id\":\"https:\/\/neredo.cl\/index.php\/cambio-de-ventanas-en-la-reina\/#breadcrumb\",\"itemListElement\":[{\"@type\":\"ListItem\",\"position\":1,\"name\":\"Portada\",\"item\":\"https:\/\/neredo.cl\/\"},{\"@type\":\"ListItem\",\"position\":2,\"name\":\"Cambio de Ventanas en La Reina\"}]},{\"@type\":\"WebSite\",\"@id\":\"https:\/\/neredo.cl\/#website\",\"url\":\"https:\/\/neredo.cl\/\",\"name\":\"Neredo Constructora\",\"description\":\"Somos expertos en hacer realidad tus sue\u00f1os\",\"publisher\":{\"@id\":\"https:\/\/neredo.cl\/#organization\"},\"potentialAction\":[{\"@type\":\"SearchAction\",\"target\":{\"@type\":\"EntryPoint\",\"urlTemplate\":\"https:\/\/neredo.cl\/?s={search_term_string}\"},\"query-input\":{\"@type\":\"PropertyValueSpecification\",\"valueRequired\":true,\"valueName\":\"search_term_string\"}}],\"inLanguage\":\"es\"},{\"@type\":\"Organization\",\"@id\":\"https:\/\/neredo.cl\/#organization\",\"name\":\"Neredo Constructora\",\"url\":\"https:\/\/neredo.cl\/\",\"logo\":{\"@type\":\"ImageObject\",\"inLanguage\":\"es\",\"@id\":\"https:\/\/neredo.cl\/#\/schema\/logo\/image\/\",\"url\":\"https:\/\/neredo.cl\/wp-content\/uploads\/2017\/07\/REDISENO-NEREDO-22.jpg\",\"contentUrl\":\"https:\/\/neredo.cl\/wp-content\/uploads\/2017\/07\/REDISENO-NEREDO-22.jpg\",\"width\":2112,\"height\":1069,\"caption\":\"Neredo Constructora\"},\"image\":{\"@id\":\"https:\/\/neredo.cl\/#\/schema\/logo\/image\/\"},\"sameAs\":[\"https:\/\/www.instagram.com\/constructoraneredo\"]},{\"@type\":\"Person\",\"@id\":\"https:\/\/neredo.cl\/#\/schema\/person\/c87a8dbba4f07caa2683204caa073c25\",\"name\":\"srtv\",\"image\":{\"@type\":\"ImageObject\",\"inLanguage\":\"es\",\"@id\":\"https:\/\/neredo.cl\/#\/schema\/person\/image\/\",\"url\":\"https:\/\/secure.gravatar.com\/avatar\/274ca39275db8ab596e20da7c26ef300d3a005ef0040e9441ad5d9fcd52adc22?s=96&d=mm&r=g\",\"contentUrl\":\"https:\/\/secure.gravatar.com\/avatar\/274ca39275db8ab596e20da7c26ef300d3a005ef0040e9441ad5d9fcd52adc22?s=96&d=mm&r=g\",\"caption\":\"srtv\"},\"url\":\"https:\/\/neredo.cl\/index.php\/author\/srtv\/\"}]}<\/script>\n<!-- \/ Yoast SEO plugin. -->","yoast_head_json":{"title":"Cambio de Ventanas en La Reina - Neredo Constructora","robots":{"index":"index","follow":"follow","max-snippet":"max-snippet:-1","max-image-preview":"max-image-preview:large","max-video-preview":"max-video-preview:-1"},"canonical":"https:\/\/neredo.cl\/index.php\/cambio-de-ventanas-en-la-reina\/","og_locale":"es_ES","og_type":"article","og_title":"Cambio de Ventanas en La Reina - Neredo Constructora","og_description":"El cambio de ventanas en La Reina es una excelente opci\u00f3n para mejorar tanto la est\u00e9tica como la eficiencia energ\u00e9tica de tu hogar. Las ventanas juegan un papel crucial en la protecci\u00f3n de la vivienda contra las inclemencias del tiempo, el ruido y la p\u00e9rdida de calor, por lo que elegir las adecuadas es esencial...","og_url":"https:\/\/neredo.cl\/index.php\/cambio-de-ventanas-en-la-reina\/","og_site_name":"Neredo Constructora","article_published_time":"2024-12-30T12:51:58+00:00","og_image":[{"width":720,"height":1280,"url":"https:\/\/neredo.cl\/wp-content\/uploads\/2024\/12\/Cambio-de-Ventanas-en-La-Reina.jpg","type":"image\/jpeg"}],"author":"srtv","twitter_card":"summary_large_image","twitter_misc":{"Escrito por":"srtv","Tiempo de lectura":"1 minuto"},"schema":{"@context":"https:\/\/schema.org","@graph":[{"@type":"Article","@id":"https:\/\/neredo.cl\/index.php\/cambio-de-ventanas-en-la-reina\/#article","isPartOf":{"@id":"https:\/\/neredo.cl\/index.php\/cambio-de-ventanas-en-la-reina\/"},"author":{"name":"srtv","@id":"https:\/\/neredo.cl\/#\/schema\/person\/c87a8dbba4f07caa2683204caa073c25"},"headline":"Cambio de Ventanas en La Reina","datePublished":"2024-12-30T12:51:58+00:00","mainEntityOfPage":{"@id":"https:\/\/neredo.cl\/index.php\/cambio-de-ventanas-en-la-reina\/"},"wordCount":207,"publisher":{"@id":"https:\/\/neredo.cl\/#organization"},"image":{"@id":"https:\/\/neredo.cl\/index.php\/cambio-de-ventanas-en-la-reina\/#primaryimage"},"thumbnailUrl":"https:\/\/neredo.cl\/wp-content\/uploads\/2024\/12\/Cambio-de-Ventanas-en-La-Reina.jpg","articleSection":["Blog"],"inLanguage":"es"},{"@type":"WebPage","@id":"https:\/\/neredo.cl\/index.php\/cambio-de-ventanas-en-la-reina\/","url":"https:\/\/neredo.cl\/index.php\/cambio-de-ventanas-en-la-reina\/","name":"Cambio de Ventanas en La Reina - Neredo Constructora","isPartOf":{"@id":"https:\/\/neredo.cl\/#website"},"primaryImageOfPage":{"@id":"https:\/\/neredo.cl\/index.php\/cambio-de-ventanas-en-la-reina\/#primaryimage"},"image":{"@id":"https:\/\/neredo.cl\/index.php\/cambio-de-ventanas-en-la-reina\/#primaryimage"},"thumbnailUrl":"https:\/\/neredo.cl\/wp-content\/uploads\/2024\/12\/Cambio-de-Ventanas-en-La-Reina.jpg","datePublished":"2024-12-30T12:51:58+00:00","breadcrumb":{"@id":"https:\/\/neredo.cl\/index.php\/cambio-de-ventanas-en-la-reina\/#breadcrumb"},"inLanguage":"es","potentialAction":[{"@type":"ReadAction","target":["https:\/\/neredo.cl\/index.php\/cambio-de-ventanas-en-la-reina\/"]}]},{"@type":"ImageObject","inLanguage":"es","@id":"https:\/\/neredo.cl\/index.php\/cambio-de-ventanas-en-la-reina\/#primaryimage","url":"https:\/\/neredo.cl\/wp-content\/uploads\/2024\/12\/Cambio-de-Ventanas-en-La-Reina.jpg","contentUrl":"https:\/\/neredo.cl\/wp-content\/uploads\/2024\/12\/Cambio-de-Ventanas-en-La-Reina.jpg","width":720,"height":1280},{"@type":"BreadcrumbList","@id":"https:\/\/neredo.cl\/index.php\/cambio-de-ventanas-en-la-reina\/#breadcrumb","itemListElement":[{"@type":"ListItem","position":1,"name":"Portada","item":"https:\/\/neredo.cl\/"},{"@type":"ListItem","position":2,"name":"Cambio de Ventanas en La Reina"}]},{"@type":"WebSite","@id":"https:\/\/neredo.cl\/#website","url":"https:\/\/neredo.cl\/","name":"Neredo Constructora","description":"Somos expertos en hacer realidad tus sue\u00f1os","publisher":{"@id":"https:\/\/neredo.cl\/#organization"},"potentialAction":[{"@type":"SearchAction","target":{"@type":"EntryPoint","urlTemplate":"https:\/\/neredo.cl\/?s={search_term_string}"},"query-input":{"@type":"PropertyValueSpecification","valueRequired":true,"valueName":"search_term_string"}}],"inLanguage":"es"},{"@type":"Organization","@id":"https:\/\/neredo.cl\/#organization","name":"Neredo Constructora","url":"https:\/\/neredo.cl\/","logo":{"@type":"ImageObject","inLanguage":"es","@id":"https:\/\/neredo.cl\/#\/schema\/logo\/image\/","url":"https:\/\/neredo.cl\/wp-content\/uploads\/2017\/07\/REDISENO-NEREDO-22.jpg","contentUrl":"https:\/\/neredo.cl\/wp-content\/uploads\/2017\/07\/REDISENO-NEREDO-22.jpg","width":2112,"height":1069,"caption":"Neredo Constructora"},"image":{"@id":"https:\/\/neredo.cl\/#\/schema\/logo\/image\/"},"sameAs":["https:\/\/www.instagram.com\/constructoraneredo"]},{"@type":"Person","@id":"https:\/\/neredo.cl\/#\/schema\/person\/c87a8dbba4f07caa2683204caa073c25","name":"srtv","image":{"@type":"ImageObject","inLanguage":"es","@id":"https:\/\/neredo.cl\/#\/schema\/person\/image\/","url":"https:\/\/secure.gravatar.com\/avatar\/274ca39275db8ab596e20da7c26ef300d3a005ef0040e9441ad5d9fcd52adc22?s=96&d=mm&r=g","contentUrl":"https:\/\/secure.gravatar.com\/avatar\/274ca39275db8ab596e20da7c26ef300d3a005ef0040e9441ad5d9fcd52adc22?s=96&d=mm&r=g","caption":"srtv"},"url":"https:\/\/neredo.cl\/index.php\/author\/srtv\/"}]}},"_links":{"self":[{"href":"https:\/\/neredo.cl\/index.php\/wp-json\/wp\/v2\/posts\/11087","targetHints":{"allow":["GET"]}}],"collection":[{"href":"https:\/\/neredo.cl\/index.php\/wp-json\/wp\/v2\/posts"}],"about":[{"href":"https:\/\/neredo.cl\/index.php\/wp-json\/wp\/v2\/types\/post"}],"author":[{"embeddable":true,"href":"https:\/\/neredo.cl\/index.php\/wp-json\/wp\/v2\/users\/3"}],"replies":[{"embeddable":true,"href":"https:\/\/neredo.cl\/index.php\/wp-json\/wp\/v2\/comments?post=11087"}],"version-history":[{"count":1,"href":"https:\/\/neredo.cl\/index.php\/wp-json\/wp\/v2\/posts\/11087\/revisions"}],"predecessor-version":[{"id":11089,"href":"https:\/\/neredo.cl\/index.php\/wp-json\/wp\/v2\/posts\/11087\/revisions\/11089"}],"wp:featuredmedia":[{"embeddable":true,"href":"https:\/\/neredo.cl\/index.php\/wp-json\/wp\/v2\/media\/11088"}],"wp:attachment":[{"href":"https:\/\/neredo.cl\/index.php\/wp-json\/wp\/v2\/media?parent=11087"}],"wp:term":[{"taxonomy":"category","embeddable":true,"href":"https:\/\/neredo.cl\/index.php\/wp-json\/wp\/v2\/categories?post=11087"},{"taxonomy":"post_tag","embeddable":true,"href":"https:\/\/neredo.cl\/index.php\/wp-json\/wp\/v2\/tags?post=11087"}],"curies":[{"name":"wp","href":"https:\/\/api.w.org\/{rel}","templated":true}]}}