{"id":11090,"date":"2024-12-30T12:55:48","date_gmt":"2024-12-30T12:55:48","guid":{"rendered":"https:\/\/neredo.cl\/?p=11090"},"modified":"2024-12-30T12:55:48","modified_gmt":"2024-12-30T12:55:48","slug":"cambios-de-techo-en-la-reina","status":"publish","type":"post","link":"https:\/\/neredo.cl\/index.php\/cambios-de-techo-en-la-reina\/","title":{"rendered":"Cambios de Techo en La Reina"},"content":{"rendered":"<p>Los cambios de techo en La Reina son una de las remodelaciones m\u00e1s importantes que puedes hacer para mantener tu hogar seguro y confortable. Con el paso del tiempo, los techos pueden desgastarse debido a las condiciones clim\u00e1ticas, especialmente si est\u00e1n expuestos a la lluvia, el viento o la acumulaci\u00f3n de nieve. Los cambios de techo no solo son necesarios para evitar filtraciones, sino tambi\u00e9n para mejorar el aislamiento t\u00e9rmico y ac\u00fastico de la vivienda.<\/p>\n<p>En La Reina, es fundamental seleccionar materiales adecuados que ofrezcan resistencia y durabilidad. Los techos de metal, tejas asf\u00e1lticas o paneles de zinc son opciones comunes que proporcionan una alta protecci\u00f3n contra las inclemencias del tiempo. Adem\u00e1s, se pueden incorporar sistemas de aislamiento, como la instalaci\u00f3n de aislamiento t\u00e9rmico, que aumentan la eficiencia energ\u00e9tica y reducen los costos de calefacci\u00f3n y refrigeraci\u00f3n.<\/p>\n<p>Un cambio de techo bien realizado tambi\u00e9n puede mejorar la apariencia de la vivienda, d\u00e1ndole un toque m\u00e1s moderno o renovado. Al elegir materiales de calidad y contar con una instalaci\u00f3n profesional, el cambio de techo puede garantizar la seguridad y la comodidad de los ocupantes durante muchos a\u00f1os.<\/p>\n","protected":false},"excerpt":{"rendered":"<p>Los cambios de techo en La Reina son una de las remodelaciones m\u00e1s importantes que puedes hacer para mantener tu hogar seguro y confortable. Con el paso del tiempo, los techos pueden desgastarse debido a las condiciones clim\u00e1ticas, especialmente si est\u00e1n expuestos a la lluvia, el viento o la acumulaci\u00f3n de nieve. Los cambios de&#8230;<\/p>\n","protected":false},"author":3,"featured_media":11053,"comment_status":"closed","ping_status":"closed","sticky":false,"template":"","format":"standard","meta":{"footnotes":""},"categories":[113],"tags":[],"class_list":["post-11090","post","type-post","status-publish","format-standard","has-post-thumbnail","hentry","category-blog"],"yoast_head":"<!-- This site is optimized with the Yoast SEO plugin v26.3 - https:\/\/yoast.com\/wordpress\/plugins\/seo\/ -->\n<title>Cambios de Techo en La Reina - Neredo Constructora<\/title>\n<meta name=\"robots\" content=\"index, follow, max-snippet:-1, max-image-preview:large, max-video-preview:-1\" \/>\n<link rel=\"canonical\" href=\"https:\/\/neredo.cl\/index.php\/cambios-de-techo-en-la-reina\/\" \/>\n<meta property=\"og:locale\" content=\"es_ES\" \/>\n<meta property=\"og:type\" content=\"article\" \/>\n<meta property=\"og:title\" content=\"Cambios de Techo en La Reina - Neredo Constructora\" \/>\n<meta property=\"og:description\" content=\"Los cambios de techo en La Reina son una de las remodelaciones m\u00e1s importantes que puedes hacer para mantener tu hogar seguro y confortable. Con el paso del tiempo, los techos pueden desgastarse debido a las condiciones clim\u00e1ticas, especialmente si est\u00e1n expuestos a la lluvia, el viento o la acumulaci\u00f3n de nieve. Los cambios de...\" \/>\n<meta property=\"og:url\" content=\"https:\/\/neredo.cl\/index.php\/cambios-de-techo-en-la-reina\/\" \/>\n<meta property=\"og:site_name\" content=\"Neredo Constructora\" \/>\n<meta property=\"article:published_time\" content=\"2024-12-30T12:55:48+00:00\" \/>\n<meta property=\"og:image\" content=\"https:\/\/neredo.cl\/wp-content\/uploads\/2024\/12\/Cambios-de-Techo-en-Lo-Barnechea.jpg\" \/>\n\t<meta property=\"og:image:width\" content=\"800\" \/>\n\t<meta property=\"og:image:height\" content=\"450\" \/>\n\t<meta property=\"og:image:type\" content=\"image\/jpeg\" \/>\n<meta name=\"author\" content=\"srtv\" \/>\n<meta name=\"twitter:card\" content=\"summary_large_image\" \/>\n<meta name=\"twitter:label1\" content=\"Escrito por\" \/>\n\t<meta name=\"twitter:data1\" content=\"srtv\" \/>\n\t<meta name=\"twitter:label2\" content=\"Tiempo de lectura\" \/>\n\t<meta name=\"twitter:data2\" content=\"1 minuto\" \/>\n<script type=\"application\/ld+json\" class=\"yoast-schema-graph\">{\"@context\":\"https:\/\/schema.org\",\"@graph\":[{\"@type\":\"Article\",\"@id\":\"https:\/\/neredo.cl\/index.php\/cambios-de-techo-en-la-reina\/#article\",\"isPartOf\":{\"@id\":\"https:\/\/neredo.cl\/index.php\/cambios-de-techo-en-la-reina\/\"},\"author\":{\"name\":\"srtv\",\"@id\":\"https:\/\/neredo.cl\/#\/schema\/person\/c87a8dbba4f07caa2683204caa073c25\"},\"headline\":\"Cambios de Techo en La Reina\",\"datePublished\":\"2024-12-30T12:55:48+00:00\",\"mainEntityOfPage\":{\"@id\":\"https:\/\/neredo.cl\/index.php\/cambios-de-techo-en-la-reina\/\"},\"wordCount\":212,\"publisher\":{\"@id\":\"https:\/\/neredo.cl\/#organization\"},\"image\":{\"@id\":\"https:\/\/neredo.cl\/index.php\/cambios-de-techo-en-la-reina\/#primaryimage\"},\"thumbnailUrl\":\"https:\/\/neredo.cl\/wp-content\/uploads\/2024\/12\/Cambios-de-Techo-en-Lo-Barnechea.jpg\",\"articleSection\":[\"Blog\"],\"inLanguage\":\"es\"},{\"@type\":\"WebPage\",\"@id\":\"https:\/\/neredo.cl\/index.php\/cambios-de-techo-en-la-reina\/\",\"url\":\"https:\/\/neredo.cl\/index.php\/cambios-de-techo-en-la-reina\/\",\"name\":\"Cambios de Techo en La Reina - Neredo Constructora\",\"isPartOf\":{\"@id\":\"https:\/\/neredo.cl\/#website\"},\"primaryImageOfPage\":{\"@id\":\"https:\/\/neredo.cl\/index.php\/cambios-de-techo-en-la-reina\/#primaryimage\"},\"image\":{\"@id\":\"https:\/\/neredo.cl\/index.php\/cambios-de-techo-en-la-reina\/#primaryimage\"},\"thumbnailUrl\":\"https:\/\/neredo.cl\/wp-content\/uploads\/2024\/12\/Cambios-de-Techo-en-Lo-Barnechea.jpg\",\"datePublished\":\"2024-12-30T12:55:48+00:00\",\"breadcrumb\":{\"@id\":\"https:\/\/neredo.cl\/index.php\/cambios-de-techo-en-la-reina\/#breadcrumb\"},\"inLanguage\":\"es\",\"potentialAction\":[{\"@type\":\"ReadAction\",\"target\":[\"https:\/\/neredo.cl\/index.php\/cambios-de-techo-en-la-reina\/\"]}]},{\"@type\":\"ImageObject\",\"inLanguage\":\"es\",\"@id\":\"https:\/\/neredo.cl\/index.php\/cambios-de-techo-en-la-reina\/#primaryimage\",\"url\":\"https:\/\/neredo.cl\/wp-content\/uploads\/2024\/12\/Cambios-de-Techo-en-Lo-Barnechea.jpg\",\"contentUrl\":\"https:\/\/neredo.cl\/wp-content\/uploads\/2024\/12\/Cambios-de-Techo-en-Lo-Barnechea.jpg\",\"width\":800,\"height\":450},{\"@type\":\"BreadcrumbList\",\"@id\":\"https:\/\/neredo.cl\/index.php\/cambios-de-techo-en-la-reina\/#breadcrumb\",\"itemListElement\":[{\"@type\":\"ListItem\",\"position\":1,\"name\":\"Portada\",\"item\":\"https:\/\/neredo.cl\/\"},{\"@type\":\"ListItem\",\"position\":2,\"name\":\"Cambios de Techo en La Reina\"}]},{\"@type\":\"WebSite\",\"@id\":\"https:\/\/neredo.cl\/#website\",\"url\":\"https:\/\/neredo.cl\/\",\"name\":\"Neredo Constructora\",\"description\":\"Somos expertos en hacer realidad tus sue\u00f1os\",\"publisher\":{\"@id\":\"https:\/\/neredo.cl\/#organization\"},\"potentialAction\":[{\"@type\":\"SearchAction\",\"target\":{\"@type\":\"EntryPoint\",\"urlTemplate\":\"https:\/\/neredo.cl\/?s={search_term_string}\"},\"query-input\":{\"@type\":\"PropertyValueSpecification\",\"valueRequired\":true,\"valueName\":\"search_term_string\"}}],\"inLanguage\":\"es\"},{\"@type\":\"Organization\",\"@id\":\"https:\/\/neredo.cl\/#organization\",\"name\":\"Neredo Constructora\",\"url\":\"https:\/\/neredo.cl\/\",\"logo\":{\"@type\":\"ImageObject\",\"inLanguage\":\"es\",\"@id\":\"https:\/\/neredo.cl\/#\/schema\/logo\/image\/\",\"url\":\"https:\/\/neredo.cl\/wp-content\/uploads\/2017\/07\/REDISENO-NEREDO-22.jpg\",\"contentUrl\":\"https:\/\/neredo.cl\/wp-content\/uploads\/2017\/07\/REDISENO-NEREDO-22.jpg\",\"width\":2112,\"height\":1069,\"caption\":\"Neredo Constructora\"},\"image\":{\"@id\":\"https:\/\/neredo.cl\/#\/schema\/logo\/image\/\"},\"sameAs\":[\"https:\/\/www.instagram.com\/constructoraneredo\"]},{\"@type\":\"Person\",\"@id\":\"https:\/\/neredo.cl\/#\/schema\/person\/c87a8dbba4f07caa2683204caa073c25\",\"name\":\"srtv\",\"image\":{\"@type\":\"ImageObject\",\"inLanguage\":\"es\",\"@id\":\"https:\/\/neredo.cl\/#\/schema\/person\/image\/\",\"url\":\"https:\/\/secure.gravatar.com\/avatar\/274ca39275db8ab596e20da7c26ef300d3a005ef0040e9441ad5d9fcd52adc22?s=96&d=mm&r=g\",\"contentUrl\":\"https:\/\/secure.gravatar.com\/avatar\/274ca39275db8ab596e20da7c26ef300d3a005ef0040e9441ad5d9fcd52adc22?s=96&d=mm&r=g\",\"caption\":\"srtv\"},\"url\":\"https:\/\/neredo.cl\/index.php\/author\/srtv\/\"}]}<\/script>\n<!-- \/ Yoast SEO plugin. -->","yoast_head_json":{"title":"Cambios de Techo en La Reina - Neredo Constructora","robots":{"index":"index","follow":"follow","max-snippet":"max-snippet:-1","max-image-preview":"max-image-preview:large","max-video-preview":"max-video-preview:-1"},"canonical":"https:\/\/neredo.cl\/index.php\/cambios-de-techo-en-la-reina\/","og_locale":"es_ES","og_type":"article","og_title":"Cambios de Techo en La Reina - Neredo Constructora","og_description":"Los cambios de techo en La Reina son una de las remodelaciones m\u00e1s importantes que puedes hacer para mantener tu hogar seguro y confortable. Con el paso del tiempo, los techos pueden desgastarse debido a las condiciones clim\u00e1ticas, especialmente si est\u00e1n expuestos a la lluvia, el viento o la acumulaci\u00f3n de nieve. Los cambios de...","og_url":"https:\/\/neredo.cl\/index.php\/cambios-de-techo-en-la-reina\/","og_site_name":"Neredo Constructora","article_published_time":"2024-12-30T12:55:48+00:00","og_image":[{"width":800,"height":450,"url":"https:\/\/neredo.cl\/wp-content\/uploads\/2024\/12\/Cambios-de-Techo-en-Lo-Barnechea.jpg","type":"image\/jpeg"}],"author":"srtv","twitter_card":"summary_large_image","twitter_misc":{"Escrito por":"srtv","Tiempo de lectura":"1 minuto"},"schema":{"@context":"https:\/\/schema.org","@graph":[{"@type":"Article","@id":"https:\/\/neredo.cl\/index.php\/cambios-de-techo-en-la-reina\/#article","isPartOf":{"@id":"https:\/\/neredo.cl\/index.php\/cambios-de-techo-en-la-reina\/"},"author":{"name":"srtv","@id":"https:\/\/neredo.cl\/#\/schema\/person\/c87a8dbba4f07caa2683204caa073c25"},"headline":"Cambios de Techo en La Reina","datePublished":"2024-12-30T12:55:48+00:00","mainEntityOfPage":{"@id":"https:\/\/neredo.cl\/index.php\/cambios-de-techo-en-la-reina\/"},"wordCount":212,"publisher":{"@id":"https:\/\/neredo.cl\/#organization"},"image":{"@id":"https:\/\/neredo.cl\/index.php\/cambios-de-techo-en-la-reina\/#primaryimage"},"thumbnailUrl":"https:\/\/neredo.cl\/wp-content\/uploads\/2024\/12\/Cambios-de-Techo-en-Lo-Barnechea.jpg","articleSection":["Blog"],"inLanguage":"es"},{"@type":"WebPage","@id":"https:\/\/neredo.cl\/index.php\/cambios-de-techo-en-la-reina\/","url":"https:\/\/neredo.cl\/index.php\/cambios-de-techo-en-la-reina\/","name":"Cambios de Techo en La Reina - Neredo Constructora","isPartOf":{"@id":"https:\/\/neredo.cl\/#website"},"primaryImageOfPage":{"@id":"https:\/\/neredo.cl\/index.php\/cambios-de-techo-en-la-reina\/#primaryimage"},"image":{"@id":"https:\/\/neredo.cl\/index.php\/cambios-de-techo-en-la-reina\/#primaryimage"},"thumbnailUrl":"https:\/\/neredo.cl\/wp-content\/uploads\/2024\/12\/Cambios-de-Techo-en-Lo-Barnechea.jpg","datePublished":"2024-12-30T12:55:48+00:00","breadcrumb":{"@id":"https:\/\/neredo.cl\/index.php\/cambios-de-techo-en-la-reina\/#breadcrumb"},"inLanguage":"es","potentialAction":[{"@type":"ReadAction","target":["https:\/\/neredo.cl\/index.php\/cambios-de-techo-en-la-reina\/"]}]},{"@type":"ImageObject","inLanguage":"es","@id":"https:\/\/neredo.cl\/index.php\/cambios-de-techo-en-la-reina\/#primaryimage","url":"https:\/\/neredo.cl\/wp-content\/uploads\/2024\/12\/Cambios-de-Techo-en-Lo-Barnechea.jpg","contentUrl":"https:\/\/neredo.cl\/wp-content\/uploads\/2024\/12\/Cambios-de-Techo-en-Lo-Barnechea.jpg","width":800,"height":450},{"@type":"BreadcrumbList","@id":"https:\/\/neredo.cl\/index.php\/cambios-de-techo-en-la-reina\/#breadcrumb","itemListElement":[{"@type":"ListItem","position":1,"name":"Portada","item":"https:\/\/neredo.cl\/"},{"@type":"ListItem","position":2,"name":"Cambios de Techo en La Reina"}]},{"@type":"WebSite","@id":"https:\/\/neredo.cl\/#website","url":"https:\/\/neredo.cl\/","name":"Neredo Constructora","description":"Somos expertos en hacer realidad tus sue\u00f1os","publisher":{"@id":"https:\/\/neredo.cl\/#organization"},"potentialAction":[{"@type":"SearchAction","target":{"@type":"EntryPoint","urlTemplate":"https:\/\/neredo.cl\/?s={search_term_string}"},"query-input":{"@type":"PropertyValueSpecification","valueRequired":true,"valueName":"search_term_string"}}],"inLanguage":"es"},{"@type":"Organization","@id":"https:\/\/neredo.cl\/#organization","name":"Neredo Constructora","url":"https:\/\/neredo.cl\/","logo":{"@type":"ImageObject","inLanguage":"es","@id":"https:\/\/neredo.cl\/#\/schema\/logo\/image\/","url":"https:\/\/neredo.cl\/wp-content\/uploads\/2017\/07\/REDISENO-NEREDO-22.jpg","contentUrl":"https:\/\/neredo.cl\/wp-content\/uploads\/2017\/07\/REDISENO-NEREDO-22.jpg","width":2112,"height":1069,"caption":"Neredo Constructora"},"image":{"@id":"https:\/\/neredo.cl\/#\/schema\/logo\/image\/"},"sameAs":["https:\/\/www.instagram.com\/constructoraneredo"]},{"@type":"Person","@id":"https:\/\/neredo.cl\/#\/schema\/person\/c87a8dbba4f07caa2683204caa073c25","name":"srtv","image":{"@type":"ImageObject","inLanguage":"es","@id":"https:\/\/neredo.cl\/#\/schema\/person\/image\/","url":"https:\/\/secure.gravatar.com\/avatar\/274ca39275db8ab596e20da7c26ef300d3a005ef0040e9441ad5d9fcd52adc22?s=96&d=mm&r=g","contentUrl":"https:\/\/secure.gravatar.com\/avatar\/274ca39275db8ab596e20da7c26ef300d3a005ef0040e9441ad5d9fcd52adc22?s=96&d=mm&r=g","caption":"srtv"},"url":"https:\/\/neredo.cl\/index.php\/author\/srtv\/"}]}},"_links":{"self":[{"href":"https:\/\/neredo.cl\/index.php\/wp-json\/wp\/v2\/posts\/11090","targetHints":{"allow":["GET"]}}],"collection":[{"href":"https:\/\/neredo.cl\/index.php\/wp-json\/wp\/v2\/posts"}],"about":[{"href":"https:\/\/neredo.cl\/index.php\/wp-json\/wp\/v2\/types\/post"}],"author":[{"embeddable":true,"href":"https:\/\/neredo.cl\/index.php\/wp-json\/wp\/v2\/users\/3"}],"replies":[{"embeddable":true,"href":"https:\/\/neredo.cl\/index.php\/wp-json\/wp\/v2\/comments?post=11090"}],"version-history":[{"count":1,"href":"https:\/\/neredo.cl\/index.php\/wp-json\/wp\/v2\/posts\/11090\/revisions"}],"predecessor-version":[{"id":11091,"href":"https:\/\/neredo.cl\/index.php\/wp-json\/wp\/v2\/posts\/11090\/revisions\/11091"}],"wp:featuredmedia":[{"embeddable":true,"href":"https:\/\/neredo.cl\/index.php\/wp-json\/wp\/v2\/media\/11053"}],"wp:attachment":[{"href":"https:\/\/neredo.cl\/index.php\/wp-json\/wp\/v2\/media?parent=11090"}],"wp:term":[{"taxonomy":"category","embeddable":true,"href":"https:\/\/neredo.cl\/index.php\/wp-json\/wp\/v2\/categories?post=11090"},{"taxonomy":"post_tag","embeddable":true,"href":"https:\/\/neredo.cl\/index.php\/wp-json\/wp\/v2\/tags?post=11090"}],"curies":[{"name":"wp","href":"https:\/\/api.w.org\/{rel}","templated":true}]}}