{"id":9675,"date":"2021-10-22T17:51:05","date_gmt":"2021-10-22T17:51:05","guid":{"rendered":"http:\/\/neredo.cl\/?p=7885"},"modified":"2021-10-22T17:51:05","modified_gmt":"2021-10-22T17:51:05","slug":"techo-de-casas-mediterraneas","status":"publish","type":"post","link":"https:\/\/neredo.cl\/index.php\/techo-de-casas-mediterraneas\/","title":{"rendered":"Techo de casas mediterr\u00e1neas"},"content":{"rendered":"<p>En NEREDO constructora ponemos especial \u00e9nfasis en los techos de casas mediterr\u00e1neas ya que estos por su dise\u00f1o tienen menos pendiente y por lo tanto mayor riesgo de filtrar, construye con Neredo una casa mediterr\u00e1nea, casa americana, casa chilena o colonial, etc y cuenta co toda nuestra experiencia a tu servicio.<\/p>\n<p>Si deseas hacer una consulta por este u otro tema, \u00a0por favor\u00a0 cont\u00e1ctanos a: \u00a0<a href=\"mailto:neredo@neredo.cl\">neredo@neredo.cl<\/a> . Nuestro equipo atender\u00e1 tus requerimientos con \u00e9xito y te orientar\u00e1 en todo momento para alcanzar los resultados esperados.<\/p>\n<p>Finalmente, no dejes de seguirnos en nuestro <a href=\"http:\/\/www.instagram.com\/constructoraneredo\">Instagram<\/a> para que conozcas m\u00e1s informaci\u00f3n \u00fatil y relevante sobre\u00a0Arquitectura, Construcci\u00f3n y Dise\u00f1o.<\/p>\n<div id=\"divtags\">\n<h1>Techos de casa mediterr\u00e1nea <\/h1>\n<h1>Dise\u00f1o de techos mediterr\u00e1neos <\/h1>\n<h1>Tejas de barro <\/h1>\n<h1>Techos de madera expuesta <\/h1>\n<h1>Cubiertas de arcilla <\/h1>\n<h1>Estructuras de techo de vigas de madera <\/h1>\n<h1>Techos abovedados <\/h1>\n<h1>Dise\u00f1o de interiores de techos <\/h1>\n<h1>Colores mediterr\u00e1neos para techos <\/h1>\n<h1>Estilo r\u00fastico en techos <\/h1>\n<h1>Techos de terracota <\/h1>\n<h1>Techos altos y abiertos <\/h1>\n<h1>Techos de paja <\/h1>\n<h1>Decoraci\u00f3n de techos mediterr\u00e1neos <\/h1>\n<h1>Techos inclinados <\/h1>\n<h1>Dise\u00f1o de techos sostenibles <\/h1>\n<\/div>\n","protected":false},"excerpt":{"rendered":"<p>En NEREDO constructora ponemos especial \u00e9nfasis en los techos de casas mediterr\u00e1neas ya que estos por su dise\u00f1o tienen menos pendiente y por lo tanto mayor riesgo de filtrar, construye con Neredo una casa mediterr\u00e1nea, casa americana, casa chilena o colonial, etc y cuenta co toda nuestra experiencia a tu servicio. Si deseas hacer una&#8230;<\/p>\n","protected":false},"author":3,"featured_media":9294,"comment_status":"closed","ping_status":"closed","sticky":false,"template":"","format":"standard","meta":{"footnotes":""},"categories":[113],"tags":[],"class_list":["post-9675","post","type-post","status-publish","format-standard","has-post-thumbnail","hentry","category-blog"],"yoast_head":"<!-- This site is optimized with the Yoast SEO plugin v26.3 - https:\/\/yoast.com\/wordpress\/plugins\/seo\/ -->\n<title>Techo de casas mediterr\u00e1neas - Neredo Constructora<\/title>\n<meta name=\"robots\" content=\"index, follow, max-snippet:-1, max-image-preview:large, max-video-preview:-1\" \/>\n<link rel=\"canonical\" href=\"https:\/\/neredo.cl\/index.php\/techo-de-casas-mediterraneas\/\" \/>\n<meta property=\"og:locale\" content=\"es_ES\" \/>\n<meta property=\"og:type\" content=\"article\" \/>\n<meta property=\"og:title\" content=\"Techo de casas mediterr\u00e1neas - Neredo Constructora\" \/>\n<meta property=\"og:description\" content=\"En NEREDO constructora ponemos especial \u00e9nfasis en los techos de casas mediterr\u00e1neas ya que estos por su dise\u00f1o tienen menos pendiente y por lo tanto mayor riesgo de filtrar, construye con Neredo una casa mediterr\u00e1nea, casa americana, casa chilena o colonial, etc y cuenta co toda nuestra experiencia a tu servicio. Si deseas hacer una...\" \/>\n<meta property=\"og:url\" content=\"https:\/\/neredo.cl\/index.php\/techo-de-casas-mediterraneas\/\" \/>\n<meta property=\"og:site_name\" content=\"Neredo Constructora\" \/>\n<meta property=\"article:published_time\" content=\"2021-10-22T17:51:05+00:00\" \/>\n<meta property=\"og:image\" content=\"https:\/\/neredo.cl\/wp-content\/uploads\/2021\/10\/techo.jpg\" \/>\n\t<meta property=\"og:image:width\" content=\"269\" \/>\n\t<meta property=\"og:image:height\" content=\"187\" \/>\n\t<meta property=\"og:image:type\" content=\"image\/jpeg\" \/>\n<meta name=\"author\" content=\"srtv\" \/>\n<meta name=\"twitter:card\" content=\"summary_large_image\" \/>\n<meta name=\"twitter:label1\" content=\"Escrito por\" \/>\n\t<meta name=\"twitter:data1\" content=\"srtv\" \/>\n\t<meta name=\"twitter:label2\" content=\"Tiempo de lectura\" \/>\n\t<meta name=\"twitter:data2\" content=\"1 minuto\" \/>\n<script type=\"application\/ld+json\" class=\"yoast-schema-graph\">{\"@context\":\"https:\/\/schema.org\",\"@graph\":[{\"@type\":\"Article\",\"@id\":\"https:\/\/neredo.cl\/index.php\/techo-de-casas-mediterraneas\/#article\",\"isPartOf\":{\"@id\":\"https:\/\/neredo.cl\/index.php\/techo-de-casas-mediterraneas\/\"},\"author\":{\"name\":\"srtv\",\"@id\":\"https:\/\/neredo.cl\/#\/schema\/person\/c87a8dbba4f07caa2683204caa073c25\"},\"headline\":\"Techo de casas mediterr\u00e1neas\",\"datePublished\":\"2021-10-22T17:51:05+00:00\",\"mainEntityOfPage\":{\"@id\":\"https:\/\/neredo.cl\/index.php\/techo-de-casas-mediterraneas\/\"},\"wordCount\":189,\"publisher\":{\"@id\":\"https:\/\/neredo.cl\/#organization\"},\"image\":{\"@id\":\"https:\/\/neredo.cl\/index.php\/techo-de-casas-mediterraneas\/#primaryimage\"},\"thumbnailUrl\":\"https:\/\/neredo.cl\/wp-content\/uploads\/2021\/10\/techo.jpg\",\"articleSection\":[\"Blog\"],\"inLanguage\":\"es\"},{\"@type\":\"WebPage\",\"@id\":\"https:\/\/neredo.cl\/index.php\/techo-de-casas-mediterraneas\/\",\"url\":\"https:\/\/neredo.cl\/index.php\/techo-de-casas-mediterraneas\/\",\"name\":\"Techo de casas mediterr\u00e1neas - Neredo Constructora\",\"isPartOf\":{\"@id\":\"https:\/\/neredo.cl\/#website\"},\"primaryImageOfPage\":{\"@id\":\"https:\/\/neredo.cl\/index.php\/techo-de-casas-mediterraneas\/#primaryimage\"},\"image\":{\"@id\":\"https:\/\/neredo.cl\/index.php\/techo-de-casas-mediterraneas\/#primaryimage\"},\"thumbnailUrl\":\"https:\/\/neredo.cl\/wp-content\/uploads\/2021\/10\/techo.jpg\",\"datePublished\":\"2021-10-22T17:51:05+00:00\",\"breadcrumb\":{\"@id\":\"https:\/\/neredo.cl\/index.php\/techo-de-casas-mediterraneas\/#breadcrumb\"},\"inLanguage\":\"es\",\"potentialAction\":[{\"@type\":\"ReadAction\",\"target\":[\"https:\/\/neredo.cl\/index.php\/techo-de-casas-mediterraneas\/\"]}]},{\"@type\":\"ImageObject\",\"inLanguage\":\"es\",\"@id\":\"https:\/\/neredo.cl\/index.php\/techo-de-casas-mediterraneas\/#primaryimage\",\"url\":\"https:\/\/neredo.cl\/wp-content\/uploads\/2021\/10\/techo.jpg\",\"contentUrl\":\"https:\/\/neredo.cl\/wp-content\/uploads\/2021\/10\/techo.jpg\",\"width\":269,\"height\":187},{\"@type\":\"BreadcrumbList\",\"@id\":\"https:\/\/neredo.cl\/index.php\/techo-de-casas-mediterraneas\/#breadcrumb\",\"itemListElement\":[{\"@type\":\"ListItem\",\"position\":1,\"name\":\"Portada\",\"item\":\"https:\/\/neredo.cl\/\"},{\"@type\":\"ListItem\",\"position\":2,\"name\":\"Techo de casas mediterr\u00e1neas\"}]},{\"@type\":\"WebSite\",\"@id\":\"https:\/\/neredo.cl\/#website\",\"url\":\"https:\/\/neredo.cl\/\",\"name\":\"Neredo Constructora\",\"description\":\"Somos expertos en hacer realidad tus sue\u00f1os\",\"publisher\":{\"@id\":\"https:\/\/neredo.cl\/#organization\"},\"potentialAction\":[{\"@type\":\"SearchAction\",\"target\":{\"@type\":\"EntryPoint\",\"urlTemplate\":\"https:\/\/neredo.cl\/?s={search_term_string}\"},\"query-input\":{\"@type\":\"PropertyValueSpecification\",\"valueRequired\":true,\"valueName\":\"search_term_string\"}}],\"inLanguage\":\"es\"},{\"@type\":\"Organization\",\"@id\":\"https:\/\/neredo.cl\/#organization\",\"name\":\"Neredo Constructora\",\"url\":\"https:\/\/neredo.cl\/\",\"logo\":{\"@type\":\"ImageObject\",\"inLanguage\":\"es\",\"@id\":\"https:\/\/neredo.cl\/#\/schema\/logo\/image\/\",\"url\":\"https:\/\/neredo.cl\/wp-content\/uploads\/2017\/07\/REDISENO-NEREDO-22.jpg\",\"contentUrl\":\"https:\/\/neredo.cl\/wp-content\/uploads\/2017\/07\/REDISENO-NEREDO-22.jpg\",\"width\":2112,\"height\":1069,\"caption\":\"Neredo Constructora\"},\"image\":{\"@id\":\"https:\/\/neredo.cl\/#\/schema\/logo\/image\/\"},\"sameAs\":[\"https:\/\/www.instagram.com\/constructoraneredo\"]},{\"@type\":\"Person\",\"@id\":\"https:\/\/neredo.cl\/#\/schema\/person\/c87a8dbba4f07caa2683204caa073c25\",\"name\":\"srtv\",\"image\":{\"@type\":\"ImageObject\",\"inLanguage\":\"es\",\"@id\":\"https:\/\/neredo.cl\/#\/schema\/person\/image\/\",\"url\":\"https:\/\/secure.gravatar.com\/avatar\/274ca39275db8ab596e20da7c26ef300d3a005ef0040e9441ad5d9fcd52adc22?s=96&d=mm&r=g\",\"contentUrl\":\"https:\/\/secure.gravatar.com\/avatar\/274ca39275db8ab596e20da7c26ef300d3a005ef0040e9441ad5d9fcd52adc22?s=96&d=mm&r=g\",\"caption\":\"srtv\"},\"url\":\"https:\/\/neredo.cl\/index.php\/author\/srtv\/\"}]}<\/script>\n<!-- \/ Yoast SEO plugin. -->","yoast_head_json":{"title":"Techo de casas mediterr\u00e1neas - Neredo Constructora","robots":{"index":"index","follow":"follow","max-snippet":"max-snippet:-1","max-image-preview":"max-image-preview:large","max-video-preview":"max-video-preview:-1"},"canonical":"https:\/\/neredo.cl\/index.php\/techo-de-casas-mediterraneas\/","og_locale":"es_ES","og_type":"article","og_title":"Techo de casas mediterr\u00e1neas - Neredo Constructora","og_description":"En NEREDO constructora ponemos especial \u00e9nfasis en los techos de casas mediterr\u00e1neas ya que estos por su dise\u00f1o tienen menos pendiente y por lo tanto mayor riesgo de filtrar, construye con Neredo una casa mediterr\u00e1nea, casa americana, casa chilena o colonial, etc y cuenta co toda nuestra experiencia a tu servicio. Si deseas hacer una...","og_url":"https:\/\/neredo.cl\/index.php\/techo-de-casas-mediterraneas\/","og_site_name":"Neredo Constructora","article_published_time":"2021-10-22T17:51:05+00:00","og_image":[{"width":269,"height":187,"url":"https:\/\/neredo.cl\/wp-content\/uploads\/2021\/10\/techo.jpg","type":"image\/jpeg"}],"author":"srtv","twitter_card":"summary_large_image","twitter_misc":{"Escrito por":"srtv","Tiempo de lectura":"1 minuto"},"schema":{"@context":"https:\/\/schema.org","@graph":[{"@type":"Article","@id":"https:\/\/neredo.cl\/index.php\/techo-de-casas-mediterraneas\/#article","isPartOf":{"@id":"https:\/\/neredo.cl\/index.php\/techo-de-casas-mediterraneas\/"},"author":{"name":"srtv","@id":"https:\/\/neredo.cl\/#\/schema\/person\/c87a8dbba4f07caa2683204caa073c25"},"headline":"Techo de casas mediterr\u00e1neas","datePublished":"2021-10-22T17:51:05+00:00","mainEntityOfPage":{"@id":"https:\/\/neredo.cl\/index.php\/techo-de-casas-mediterraneas\/"},"wordCount":189,"publisher":{"@id":"https:\/\/neredo.cl\/#organization"},"image":{"@id":"https:\/\/neredo.cl\/index.php\/techo-de-casas-mediterraneas\/#primaryimage"},"thumbnailUrl":"https:\/\/neredo.cl\/wp-content\/uploads\/2021\/10\/techo.jpg","articleSection":["Blog"],"inLanguage":"es"},{"@type":"WebPage","@id":"https:\/\/neredo.cl\/index.php\/techo-de-casas-mediterraneas\/","url":"https:\/\/neredo.cl\/index.php\/techo-de-casas-mediterraneas\/","name":"Techo de casas mediterr\u00e1neas - Neredo Constructora","isPartOf":{"@id":"https:\/\/neredo.cl\/#website"},"primaryImageOfPage":{"@id":"https:\/\/neredo.cl\/index.php\/techo-de-casas-mediterraneas\/#primaryimage"},"image":{"@id":"https:\/\/neredo.cl\/index.php\/techo-de-casas-mediterraneas\/#primaryimage"},"thumbnailUrl":"https:\/\/neredo.cl\/wp-content\/uploads\/2021\/10\/techo.jpg","datePublished":"2021-10-22T17:51:05+00:00","breadcrumb":{"@id":"https:\/\/neredo.cl\/index.php\/techo-de-casas-mediterraneas\/#breadcrumb"},"inLanguage":"es","potentialAction":[{"@type":"ReadAction","target":["https:\/\/neredo.cl\/index.php\/techo-de-casas-mediterraneas\/"]}]},{"@type":"ImageObject","inLanguage":"es","@id":"https:\/\/neredo.cl\/index.php\/techo-de-casas-mediterraneas\/#primaryimage","url":"https:\/\/neredo.cl\/wp-content\/uploads\/2021\/10\/techo.jpg","contentUrl":"https:\/\/neredo.cl\/wp-content\/uploads\/2021\/10\/techo.jpg","width":269,"height":187},{"@type":"BreadcrumbList","@id":"https:\/\/neredo.cl\/index.php\/techo-de-casas-mediterraneas\/#breadcrumb","itemListElement":[{"@type":"ListItem","position":1,"name":"Portada","item":"https:\/\/neredo.cl\/"},{"@type":"ListItem","position":2,"name":"Techo de casas mediterr\u00e1neas"}]},{"@type":"WebSite","@id":"https:\/\/neredo.cl\/#website","url":"https:\/\/neredo.cl\/","name":"Neredo Constructora","description":"Somos expertos en hacer realidad tus sue\u00f1os","publisher":{"@id":"https:\/\/neredo.cl\/#organization"},"potentialAction":[{"@type":"SearchAction","target":{"@type":"EntryPoint","urlTemplate":"https:\/\/neredo.cl\/?s={search_term_string}"},"query-input":{"@type":"PropertyValueSpecification","valueRequired":true,"valueName":"search_term_string"}}],"inLanguage":"es"},{"@type":"Organization","@id":"https:\/\/neredo.cl\/#organization","name":"Neredo Constructora","url":"https:\/\/neredo.cl\/","logo":{"@type":"ImageObject","inLanguage":"es","@id":"https:\/\/neredo.cl\/#\/schema\/logo\/image\/","url":"https:\/\/neredo.cl\/wp-content\/uploads\/2017\/07\/REDISENO-NEREDO-22.jpg","contentUrl":"https:\/\/neredo.cl\/wp-content\/uploads\/2017\/07\/REDISENO-NEREDO-22.jpg","width":2112,"height":1069,"caption":"Neredo Constructora"},"image":{"@id":"https:\/\/neredo.cl\/#\/schema\/logo\/image\/"},"sameAs":["https:\/\/www.instagram.com\/constructoraneredo"]},{"@type":"Person","@id":"https:\/\/neredo.cl\/#\/schema\/person\/c87a8dbba4f07caa2683204caa073c25","name":"srtv","image":{"@type":"ImageObject","inLanguage":"es","@id":"https:\/\/neredo.cl\/#\/schema\/person\/image\/","url":"https:\/\/secure.gravatar.com\/avatar\/274ca39275db8ab596e20da7c26ef300d3a005ef0040e9441ad5d9fcd52adc22?s=96&d=mm&r=g","contentUrl":"https:\/\/secure.gravatar.com\/avatar\/274ca39275db8ab596e20da7c26ef300d3a005ef0040e9441ad5d9fcd52adc22?s=96&d=mm&r=g","caption":"srtv"},"url":"https:\/\/neredo.cl\/index.php\/author\/srtv\/"}]}},"_links":{"self":[{"href":"https:\/\/neredo.cl\/index.php\/wp-json\/wp\/v2\/posts\/9675","targetHints":{"allow":["GET"]}}],"collection":[{"href":"https:\/\/neredo.cl\/index.php\/wp-json\/wp\/v2\/posts"}],"about":[{"href":"https:\/\/neredo.cl\/index.php\/wp-json\/wp\/v2\/types\/post"}],"author":[{"embeddable":true,"href":"https:\/\/neredo.cl\/index.php\/wp-json\/wp\/v2\/users\/3"}],"replies":[{"embeddable":true,"href":"https:\/\/neredo.cl\/index.php\/wp-json\/wp\/v2\/comments?post=9675"}],"version-history":[{"count":0,"href":"https:\/\/neredo.cl\/index.php\/wp-json\/wp\/v2\/posts\/9675\/revisions"}],"wp:featuredmedia":[{"embeddable":true,"href":"https:\/\/neredo.cl\/index.php\/wp-json\/wp\/v2\/media\/9294"}],"wp:attachment":[{"href":"https:\/\/neredo.cl\/index.php\/wp-json\/wp\/v2\/media?parent=9675"}],"wp:term":[{"taxonomy":"category","embeddable":true,"href":"https:\/\/neredo.cl\/index.php\/wp-json\/wp\/v2\/categories?post=9675"},{"taxonomy":"post_tag","embeddable":true,"href":"https:\/\/neredo.cl\/index.php\/wp-json\/wp\/v2\/tags?post=9675"}],"curies":[{"name":"wp","href":"https:\/\/api.w.org\/{rel}","templated":true}]}}